{"id":36241,"date":"2021-11-19T09:14:46","date_gmt":"2021-11-19T12:14:46","guid":{"rendered":"http:\/\/www.almargenweb.com.ar\/web\/?p=36241"},"modified":"2021-11-19T09:14:47","modified_gmt":"2021-11-19T12:14:47","slug":"muller-agradecio-a-la-oposicion-que-haya-acompanado-el-proyecto-de-una-nueva-ordenanza-de-contaminacion-acustica","status":"publish","type":"post","link":"https:\/\/www.almargenweb.com.ar\/web\/muller-agradecio-a-la-oposicion-que-haya-acompanado-el-proyecto-de-una-nueva-ordenanza-de-contaminacion-acustica\/","title":{"rendered":"M\u00fcller agradeci\u00f3 a la oposici\u00f3n que haya acompa\u00f1ado el proyecto de una nueva ordenanza de contaminaci\u00f3n ac\u00fastica."},"content":{"rendered":"\n<p>El concejo aprob\u00f3 el proyecto presentado por el Concejal Rodrigo M\u00fcller de Lucha contra la contaminaci\u00f3n ac\u00fastica. El mismo regula los ruidos molestos, las vibraciones y planifica una ciudad a futuro con mapas de ruidos pensando una Esperanza amigable con el medio ambiente y la reducci\u00f3n de conflictos con origen de los ruidos y las vibraciones.<\/p>\n\n\n\n<p>El objetivo principal es ayudar a brindarles a trav\u00e9s de esta ordenanza una mejor calidad de vida a los vecinos, haciendo una ciudad m\u00e1s pac\u00edfica y amigable. Para todo ello es necesario reducir los ruidos molestos, el congestionamiento del tr\u00e1nsito y la inseguridad.<\/p>\n\n\n\n<p>Se dio un gran paso. Con esta ordenanza la Municipalidad contara con un instrumento para construir una mejor calidad de vida y con una herramienta para planificar el ruido en la ciudad partiendo de un concepto amplio que apunta al desarrollo de ciudades amigables con el medio ambiente. Seg\u00fan la Organizaci\u00f3n Mundial de la Salud (OMS), es uno de los factores ambientales que provoca m\u00e1s problemas de salud.<\/p>\n\n\n\n<p>\u201cTodas estas medidas tienen el objetivo \u00faltimo de impulsar proyectos alineados con las pol\u00edticas en materia de conservaci\u00f3n de la biodiversidad, la lucha contra el cambio clim\u00e1tico, la prevenci\u00f3n de la contaminaci\u00f3n y de transici\u00f3n hacia un modelo productivo y social m\u00e1s ecol\u00f3gico\u201d, finaliz\u00f3 M\u00fcller.<\/p>\n<!-- AddThis Advanced Settings generic via filter on the_content --><!-- AddThis Share Buttons generic via filter on the_content -->","protected":false},"excerpt":{"rendered":"<p>El concejo aprob\u00f3 el proyecto presentado por el Concejal Rodrigo M\u00fcller de Lucha contra la contaminaci\u00f3n [&hellip;]<!-- AddThis Advanced Settings generic via filter on get_the_excerpt --><!-- AddThis Share Buttons generic via filter on get_the_excerpt --><\/p>\n","protected":false},"author":16,"featured_media":36243,"comment_status":"open","ping_status":"open","sticky":false,"template":"","format":"standard","meta":{"_seopress_robots_primary_cat":"none","_seopress_titles_title":"","_seopress_titles_desc":"","_seopress_robots_index":"","_themeisle_gutenberg_block_has_review":false,"footnotes":""},"categories":[2,164,21,47,9,29],"tags":[],"class_list":["post-36241","post","type-post","status-publish","format-standard","has-post-thumbnail","hentry","category-actualidad","category-ambiente","category-las-colonias","category-locales","category-politica","category-regionales"],"_links":{"self":[{"href":"https:\/\/www.almargenweb.com.ar\/web\/wp-json\/wp\/v2\/posts\/36241","targetHints":{"allow":["GET"]}}],"collection":[{"href":"https:\/\/www.almargenweb.com.ar\/web\/wp-json\/wp\/v2\/posts"}],"about":[{"href":"https:\/\/www.almargenweb.com.ar\/web\/wp-json\/wp\/v2\/types\/post"}],"author":[{"embeddable":true,"href":"https:\/\/www.almargenweb.com.ar\/web\/wp-json\/wp\/v2\/users\/16"}],"replies":[{"embeddable":true,"href":"https:\/\/www.almargenweb.com.ar\/web\/wp-json\/wp\/v2\/comments?post=36241"}],"version-history":[{"count":1,"href":"https:\/\/www.almargenweb.com.ar\/web\/wp-json\/wp\/v2\/posts\/36241\/revisions"}],"predecessor-version":[{"id":36244,"href":"https:\/\/www.almargenweb.com.ar\/web\/wp-json\/wp\/v2\/posts\/36241\/revisions\/36244"}],"wp:featuredmedia":[{"embeddable":true,"href":"https:\/\/www.almargenweb.com.ar\/web\/wp-json\/wp\/v2\/media\/36243"}],"wp:attachment":[{"href":"https:\/\/www.almargenweb.com.ar\/web\/wp-json\/wp\/v2\/media?parent=36241"}],"wp:term":[{"taxonomy":"category","embeddable":true,"href":"https:\/\/www.almargenweb.com.ar\/web\/wp-json\/wp\/v2\/categories?post=36241"},{"taxonomy":"post_tag","embeddable":true,"href":"https:\/\/www.almargenweb.com.ar\/web\/wp-json\/wp\/v2\/tags?post=36241"}],"curies":[{"name":"wp","href":"https:\/\/api.w.org\/{rel}","templated":true}]}}