{"id":36235,"date":"2021-11-18T13:04:34","date_gmt":"2021-11-18T16:04:34","guid":{"rendered":"http:\/\/www.almargenweb.com.ar\/web\/?p=36235"},"modified":"2021-11-18T13:04:34","modified_gmt":"2021-11-18T16:04:34","slug":"el-kilo-de-cerdo-en-pie-aumento-61-en-octubre-y-es-el-segundo-mas-caro-de-america-latina","status":"publish","type":"post","link":"https:\/\/www.almargenweb.com.ar\/web\/el-kilo-de-cerdo-en-pie-aumento-61-en-octubre-y-es-el-segundo-mas-caro-de-america-latina\/","title":{"rendered":"El kilo de cerdo en pie aument\u00f3 6,1% en octubre y es el segundo m\u00e1s caro de Am\u00e9rica Latina"},"content":{"rendered":"\n<p>El precio del kilo de cerdo en pie tuvo en octubre un incremento del 6,1% respecto a septiembre y del 37,9% interanual, alcanzando su m\u00e1ximo del a\u00f1o de $160.37 (US$ 1,53 al tipo de cambio oficial), siendo medido en d\u00f3lares el segundo valor m\u00e1s alto de la regi\u00f3n, seg\u00fan inform\u00f3 el consultor Juan Uccelli<\/p>\n\n\n\n<p>En el mostrador, la suba fue del 3.8% con respecto al mes anterior y del 59.9% comparado con igual per\u00edodo del 2020, llegando a $390,77 por kilo en octubre, lo que se traduce en US$ 3,74 . <\/p>\n\n\n\n<p>\u201cLos altos valores que el \u00edndice est\u00e1 marcando, se justifican en parte por la diferencia con la carne vacuna, pero se complica con el poder adquisitivo de los consumidores\u201d, se\u00f1al\u00f3 el informe.<\/p>\n<!-- AddThis Advanced Settings generic via filter on the_content --><!-- AddThis Share Buttons generic via filter on the_content -->","protected":false},"excerpt":{"rendered":"<p>El precio del kilo de cerdo en pie tuvo en octubre un incremento del 6,1% respecto [&hellip;]<!-- AddThis Advanced Settings generic via filter on get_the_excerpt --><!-- AddThis Share Buttons generic via filter on get_the_excerpt --><\/p>\n","protected":false},"author":16,"featured_media":36237,"comment_status":"open","ping_status":"open","sticky":false,"template":"","format":"standard","meta":{"_seopress_robots_primary_cat":"none","_seopress_titles_title":"","_seopress_titles_desc":"","_seopress_robots_index":"","_themeisle_gutenberg_block_has_review":false,"footnotes":""},"categories":[2,164,140,9],"tags":[],"class_list":["post-36235","post","type-post","status-publish","format-standard","has-post-thumbnail","hentry","category-actualidad","category-ambiente","category-nacionales","category-politica"],"_links":{"self":[{"href":"https:\/\/www.almargenweb.com.ar\/web\/wp-json\/wp\/v2\/posts\/36235","targetHints":{"allow":["GET"]}}],"collection":[{"href":"https:\/\/www.almargenweb.com.ar\/web\/wp-json\/wp\/v2\/posts"}],"about":[{"href":"https:\/\/www.almargenweb.com.ar\/web\/wp-json\/wp\/v2\/types\/post"}],"author":[{"embeddable":true,"href":"https:\/\/www.almargenweb.com.ar\/web\/wp-json\/wp\/v2\/users\/16"}],"replies":[{"embeddable":true,"href":"https:\/\/www.almargenweb.com.ar\/web\/wp-json\/wp\/v2\/comments?post=36235"}],"version-history":[{"count":1,"href":"https:\/\/www.almargenweb.com.ar\/web\/wp-json\/wp\/v2\/posts\/36235\/revisions"}],"predecessor-version":[{"id":36238,"href":"https:\/\/www.almargenweb.com.ar\/web\/wp-json\/wp\/v2\/posts\/36235\/revisions\/36238"}],"wp:featuredmedia":[{"embeddable":true,"href":"https:\/\/www.almargenweb.com.ar\/web\/wp-json\/wp\/v2\/media\/36237"}],"wp:attachment":[{"href":"https:\/\/www.almargenweb.com.ar\/web\/wp-json\/wp\/v2\/media?parent=36235"}],"wp:term":[{"taxonomy":"category","embeddable":true,"href":"https:\/\/www.almargenweb.com.ar\/web\/wp-json\/wp\/v2\/categories?post=36235"},{"taxonomy":"post_tag","embeddable":true,"href":"https:\/\/www.almargenweb.com.ar\/web\/wp-json\/wp\/v2\/tags?post=36235"}],"curies":[{"name":"wp","href":"https:\/\/api.w.org\/{rel}","templated":true}]}}