{"id":36225,"date":"2021-11-17T14:40:18","date_gmt":"2021-11-17T17:40:18","guid":{"rendered":"http:\/\/www.almargenweb.com.ar\/web\/?p=36225"},"modified":"2021-11-17T14:40:19","modified_gmt":"2021-11-17T17:40:19","slug":"dia-mundial-del-prematuro-estos-bebes-representan-el-10-de-los-nacidos-en-santa-fe-cada-ano","status":"publish","type":"post","link":"https:\/\/www.almargenweb.com.ar\/web\/dia-mundial-del-prematuro-estos-bebes-representan-el-10-de-los-nacidos-en-santa-fe-cada-ano\/","title":{"rendered":"D\u00eda Mundial del Prematuro: estos beb\u00e9s representan el 10% de los nacidos en Santa Fe cada a\u00f1o."},"content":{"rendered":"\n<p>Cada 17 de noviembre se conmemora el D\u00eda Mundial del Ni\u00f1o Prematuro.Se trata de prevenir pero tambi\u00e9n de ayudar a los ni\u00f1os y a sus familias para que puedan superar con \u00e9xito esta circunstancia.<\/p>\n\n\n\n<p>Un ni\u00f1o prematuro es aquel que nace antes de las 37 semanas de gestaci\u00f3n. Un embarazo a t\u00e9rmino llega hasta las 40 semanas, es decir, 10 meses en vez de 9 meses que es lo que siempre nos han ense\u00f1ado. Todo embarazo cumple los 9 meses a las 36 semanas, pero el riesgo de dar a luz existe desde las semana 28 en el mejor de los casos.<\/p>\n\n\n\n<p>Seg\u00fan los \u00faltimos datos oficiales, aproximadamente 100 de cada mil ni\u00f1os (10%) que nacieron en 2019 en la provincia de Santa Fe fueron prematuros.<\/p>\n\n\n\n<figure class=\"wp-block-image size-full is-resized\"><img loading=\"lazy\" decoding=\"async\" src=\"https:\/\/www.almargenweb.com.ar\/web\/wp-content\/uploads\/2021\/11\/Bebe-prematuro-700x466-2.jpg\" alt=\"\" class=\"wp-image-36229\" width=\"840\" height=\"559\" srcset=\"https:\/\/www.almargenweb.com.ar\/web\/wp-content\/uploads\/2021\/11\/Bebe-prematuro-700x466-2.jpg 700w, https:\/\/www.almargenweb.com.ar\/web\/wp-content\/uploads\/2021\/11\/Bebe-prematuro-700x466-2-300x200.jpg 300w\" sizes=\"auto, (max-width: 840px) 100vw, 840px\" \/><figcaption>El estilo de vida de la madre durante la gestaci\u00f3n, es una raz\u00f3n importante del nacimiento de un ni\u00f1o antes de termino.<\/figcaption><\/figure>\n\n\n\n<p> Las razones por las que un ni\u00f1o nace antes de tiempo se deben principalmente al estilo de vida de la madre durante la gestaci\u00f3n, aunque en caso de personas de bajos recursos econ\u00f3micos puede que el problema este presente desde mucho antes, porque la desnutrici\u00f3n, la anemia y cualquier mal estado del cuerpo de la mujer, puede propiciar un parto prematuro.<\/p>\n\n\n\n<p><\/p>\n<!-- AddThis Advanced Settings generic via filter on the_content --><!-- AddThis Share Buttons generic via filter on the_content -->","protected":false},"excerpt":{"rendered":"<p>Cada 17 de noviembre se conmemora el D\u00eda Mundial del Ni\u00f1o Prematuro.Se trata de prevenir pero [&hellip;]<!-- AddThis Advanced Settings generic via filter on get_the_excerpt --><!-- AddThis Share Buttons generic via filter on get_the_excerpt --><\/p>\n","protected":false},"author":16,"featured_media":36228,"comment_status":"open","ping_status":"open","sticky":false,"template":"","format":"standard","meta":{"_seopress_robots_primary_cat":"none","_seopress_titles_title":"","_seopress_titles_desc":"","_seopress_robots_index":"","_themeisle_gutenberg_block_has_review":false,"footnotes":""},"categories":[2,164,15],"tags":[],"class_list":["post-36225","post","type-post","status-publish","format-standard","has-post-thumbnail","hentry","category-actualidad","category-ambiente","category-salud"],"_links":{"self":[{"href":"https:\/\/www.almargenweb.com.ar\/web\/wp-json\/wp\/v2\/posts\/36225","targetHints":{"allow":["GET"]}}],"collection":[{"href":"https:\/\/www.almargenweb.com.ar\/web\/wp-json\/wp\/v2\/posts"}],"about":[{"href":"https:\/\/www.almargenweb.com.ar\/web\/wp-json\/wp\/v2\/types\/post"}],"author":[{"embeddable":true,"href":"https:\/\/www.almargenweb.com.ar\/web\/wp-json\/wp\/v2\/users\/16"}],"replies":[{"embeddable":true,"href":"https:\/\/www.almargenweb.com.ar\/web\/wp-json\/wp\/v2\/comments?post=36225"}],"version-history":[{"count":1,"href":"https:\/\/www.almargenweb.com.ar\/web\/wp-json\/wp\/v2\/posts\/36225\/revisions"}],"predecessor-version":[{"id":36230,"href":"https:\/\/www.almargenweb.com.ar\/web\/wp-json\/wp\/v2\/posts\/36225\/revisions\/36230"}],"wp:featuredmedia":[{"embeddable":true,"href":"https:\/\/www.almargenweb.com.ar\/web\/wp-json\/wp\/v2\/media\/36228"}],"wp:attachment":[{"href":"https:\/\/www.almargenweb.com.ar\/web\/wp-json\/wp\/v2\/media?parent=36225"}],"wp:term":[{"taxonomy":"category","embeddable":true,"href":"https:\/\/www.almargenweb.com.ar\/web\/wp-json\/wp\/v2\/categories?post=36225"},{"taxonomy":"post_tag","embeddable":true,"href":"https:\/\/www.almargenweb.com.ar\/web\/wp-json\/wp\/v2\/tags?post=36225"}],"curies":[{"name":"wp","href":"https:\/\/api.w.org\/{rel}","templated":true}]}}