{"id":36216,"date":"2021-11-16T13:29:07","date_gmt":"2021-11-16T16:29:07","guid":{"rendered":"http:\/\/www.almargenweb.com.ar\/web\/?p=36216"},"modified":"2021-11-16T13:29:08","modified_gmt":"2021-11-16T16:29:08","slug":"rodrigo-muller-los-ganadores-de-esta-eleccion-son-los-esperancinos","status":"publish","type":"post","link":"https:\/\/www.almargenweb.com.ar\/web\/rodrigo-muller-los-ganadores-de-esta-eleccion-son-los-esperancinos\/","title":{"rendered":"Rodrigo M\u00fcller: \u201cLos ganadores de esta elecci\u00f3n son los esperancinos\u201d"},"content":{"rendered":"\n<p>El concejal radical, Rodrigo M\u00fcller, se refiri\u00f3 al resultado de las elecciones a concejales en nuestra ciudad y destac\u00f3 que \u201clos verdaderos ganadores de la elecci\u00f3n son los esperancinos\u201d. En ese sentido, celebr\u00f3 la victoria de la lista de concejales de Juntos Por el Cambio porque \u201cla nueva conformaci\u00f3n del Concejo permitir\u00e1 reimpulsar proyectos para mejorar la ciudad\u201d.<\/p>\n\n\n\n<p>\u201cCon esta elecci\u00f3n los esperancinos estamos dando otro paso para mejorar la ciudad\u201d, a\u00f1adi\u00f3 M\u00fcller quien luego destac\u00f3 \u201cla concurrencia de los ciudadanos y ciudadanas al acto democr\u00e1tico\u201d.<\/p>\n\n\n\n<p>Por otro parte, tambi\u00e9n celebr\u00f3 la victoria de Juntos Por el Cambio a nivel provincial lo que representa \u201ccontar con legisladores nacionales que puedan escuchar las gestiones para Esperanza\u201d.<\/p>\n\n\n\n<p>\u201cM\u00e1s all\u00e1 de las elecciones, para crecer y volver a tener una ciudad que nos llene de orgullo, es necesario el di\u00e1logo y el consenso entre la mayor cantidad de actores. Con ese objetivo continuar\u00e9 desarrollando proyectos junto al \u2018Equipo Esperanza\u2019 y en pos de una unidad m\u00e1s grande para seguir mejorando la calidad de vida de todos los vecinos y vecinas de nuestra ciudad\u201d, concluy\u00f3 M\u00fcller.<\/p>\n<!-- AddThis Advanced Settings generic via filter on the_content --><!-- AddThis Share Buttons generic via filter on the_content -->","protected":false},"excerpt":{"rendered":"<p>El concejal radical, Rodrigo M\u00fcller, se refiri\u00f3 al resultado de las elecciones a concejales en nuestra [&hellip;]<!-- AddThis Advanced Settings generic via filter on get_the_excerpt --><!-- AddThis Share Buttons generic via filter on get_the_excerpt --><\/p>\n","protected":false},"author":16,"featured_media":36218,"comment_status":"open","ping_status":"open","sticky":false,"template":"","format":"standard","meta":{"_seopress_robots_primary_cat":"none","_seopress_titles_title":"","_seopress_titles_desc":"","_seopress_robots_index":"","_themeisle_gutenberg_block_has_review":false,"footnotes":""},"categories":[2,20,21,47,9],"tags":[],"class_list":["post-36216","post","type-post","status-publish","format-standard","has-post-thumbnail","hentry","category-actualidad","category-departamentales","category-las-colonias","category-locales","category-politica"],"_links":{"self":[{"href":"https:\/\/www.almargenweb.com.ar\/web\/wp-json\/wp\/v2\/posts\/36216","targetHints":{"allow":["GET"]}}],"collection":[{"href":"https:\/\/www.almargenweb.com.ar\/web\/wp-json\/wp\/v2\/posts"}],"about":[{"href":"https:\/\/www.almargenweb.com.ar\/web\/wp-json\/wp\/v2\/types\/post"}],"author":[{"embeddable":true,"href":"https:\/\/www.almargenweb.com.ar\/web\/wp-json\/wp\/v2\/users\/16"}],"replies":[{"embeddable":true,"href":"https:\/\/www.almargenweb.com.ar\/web\/wp-json\/wp\/v2\/comments?post=36216"}],"version-history":[{"count":1,"href":"https:\/\/www.almargenweb.com.ar\/web\/wp-json\/wp\/v2\/posts\/36216\/revisions"}],"predecessor-version":[{"id":36219,"href":"https:\/\/www.almargenweb.com.ar\/web\/wp-json\/wp\/v2\/posts\/36216\/revisions\/36219"}],"wp:featuredmedia":[{"embeddable":true,"href":"https:\/\/www.almargenweb.com.ar\/web\/wp-json\/wp\/v2\/media\/36218"}],"wp:attachment":[{"href":"https:\/\/www.almargenweb.com.ar\/web\/wp-json\/wp\/v2\/media?parent=36216"}],"wp:term":[{"taxonomy":"category","embeddable":true,"href":"https:\/\/www.almargenweb.com.ar\/web\/wp-json\/wp\/v2\/categories?post=36216"},{"taxonomy":"post_tag","embeddable":true,"href":"https:\/\/www.almargenweb.com.ar\/web\/wp-json\/wp\/v2\/tags?post=36216"}],"curies":[{"name":"wp","href":"https:\/\/api.w.org\/{rel}","templated":true}]}}