{"id":36189,"date":"2021-11-12T09:51:30","date_gmt":"2021-11-12T12:51:30","guid":{"rendered":"http:\/\/www.almargenweb.com.ar\/web\/?p=36189"},"modified":"2021-11-12T09:51:31","modified_gmt":"2021-11-12T12:51:31","slug":"no-sera-necesario-tomar-temperatura-y-rociar-las-manos-con-alcohol-al-entrar-a-un-espacio-cerrado","status":"publish","type":"post","link":"https:\/\/www.almargenweb.com.ar\/web\/no-sera-necesario-tomar-temperatura-y-rociar-las-manos-con-alcohol-al-entrar-a-un-espacio-cerrado\/","title":{"rendered":"No ser\u00e1  necesario tomar temperatura y rociar las manos con alcohol al entrar a un espacio cerrado"},"content":{"rendered":"\n<p>El ministerio de Salud inform\u00f3 que &#8220;ya no ser\u00e1 necesario sostener el control de temperatura corporal, el rociado de manos con alcohol en los accesos a edificios, los turnos programados, las sanitizaciones y otras medidas adicionales&#8221;.<\/p>\n\n\n\n<p><br>Estas modificaciones de los protocolos sanitarios se aplicar\u00e1n en actividades econ\u00f3micas, bancarias, industriales, comerciales, de servicios, tur\u00edsticas, religiosas, culturales, deportivas, recreativas y sociales.<\/p>\n\n\n\n<figure class=\"wp-block-image size-large\"><img loading=\"lazy\" decoding=\"async\" width=\"1024\" height=\"576\" src=\"https:\/\/www.almargenweb.com.ar\/web\/wp-content\/uploads\/2021\/11\/075f8575-ff98-42a5-97d7-4b6e8b30f866_16-9-discover-aspect-ratio_default_0-1024x576.jpg\" alt=\"\" class=\"wp-image-36191\" srcset=\"https:\/\/www.almargenweb.com.ar\/web\/wp-content\/uploads\/2021\/11\/075f8575-ff98-42a5-97d7-4b6e8b30f866_16-9-discover-aspect-ratio_default_0-1024x576.jpg 1024w, https:\/\/www.almargenweb.com.ar\/web\/wp-content\/uploads\/2021\/11\/075f8575-ff98-42a5-97d7-4b6e8b30f866_16-9-discover-aspect-ratio_default_0-300x169.jpg 300w, https:\/\/www.almargenweb.com.ar\/web\/wp-content\/uploads\/2021\/11\/075f8575-ff98-42a5-97d7-4b6e8b30f866_16-9-discover-aspect-ratio_default_0-768x432.jpg 768w, https:\/\/www.almargenweb.com.ar\/web\/wp-content\/uploads\/2021\/11\/075f8575-ff98-42a5-97d7-4b6e8b30f866_16-9-discover-aspect-ratio_default_0.jpg 1200w\" sizes=\"auto, (max-width: 1024px) 100vw, 1024px\" \/><figcaption>El uso del barbijo y respetar distanciamiento, seguir\u00e1n manteni\u00e9ndose activos como medidas sanitarias contra la transmisi\u00f3n del virus.<\/figcaption><\/figure>\n\n\n\n<p><br>Sin embargo, se aclar\u00f3 que las &#8220;\u00fanicas recomendaciones que deben mantenerse&#8221; son las de usar tapabocas en espacios cerrados, mantener la distancia de dos metros con los dem\u00e1s, asegurar la ventilaci\u00f3n cruzada y lavarse las manos con frecuencia.<\/p>\n<!-- AddThis Advanced Settings generic via filter on the_content --><!-- AddThis Share Buttons generic via filter on the_content -->","protected":false},"excerpt":{"rendered":"<p>El ministerio de Salud inform\u00f3 que &#8220;ya no ser\u00e1 necesario sostener el control de temperatura corporal, [&hellip;]<!-- AddThis Advanced Settings generic via filter on get_the_excerpt --><!-- AddThis Share Buttons generic via filter on get_the_excerpt --><\/p>\n","protected":false},"author":16,"featured_media":36192,"comment_status":"open","ping_status":"open","sticky":false,"template":"","format":"standard","meta":{"_seopress_robots_primary_cat":"none","_seopress_titles_title":"","_seopress_titles_desc":"","_seopress_robots_index":"","_themeisle_gutenberg_block_has_review":false,"footnotes":""},"categories":[2,164,19,140,15],"tags":[],"class_list":["post-36189","post","type-post","status-publish","format-standard","has-post-thumbnail","hentry","category-actualidad","category-ambiente","category-educacion","category-nacionales","category-salud"],"_links":{"self":[{"href":"https:\/\/www.almargenweb.com.ar\/web\/wp-json\/wp\/v2\/posts\/36189","targetHints":{"allow":["GET"]}}],"collection":[{"href":"https:\/\/www.almargenweb.com.ar\/web\/wp-json\/wp\/v2\/posts"}],"about":[{"href":"https:\/\/www.almargenweb.com.ar\/web\/wp-json\/wp\/v2\/types\/post"}],"author":[{"embeddable":true,"href":"https:\/\/www.almargenweb.com.ar\/web\/wp-json\/wp\/v2\/users\/16"}],"replies":[{"embeddable":true,"href":"https:\/\/www.almargenweb.com.ar\/web\/wp-json\/wp\/v2\/comments?post=36189"}],"version-history":[{"count":1,"href":"https:\/\/www.almargenweb.com.ar\/web\/wp-json\/wp\/v2\/posts\/36189\/revisions"}],"predecessor-version":[{"id":36193,"href":"https:\/\/www.almargenweb.com.ar\/web\/wp-json\/wp\/v2\/posts\/36189\/revisions\/36193"}],"wp:featuredmedia":[{"embeddable":true,"href":"https:\/\/www.almargenweb.com.ar\/web\/wp-json\/wp\/v2\/media\/36192"}],"wp:attachment":[{"href":"https:\/\/www.almargenweb.com.ar\/web\/wp-json\/wp\/v2\/media?parent=36189"}],"wp:term":[{"taxonomy":"category","embeddable":true,"href":"https:\/\/www.almargenweb.com.ar\/web\/wp-json\/wp\/v2\/categories?post=36189"},{"taxonomy":"post_tag","embeddable":true,"href":"https:\/\/www.almargenweb.com.ar\/web\/wp-json\/wp\/v2\/tags?post=36189"}],"curies":[{"name":"wp","href":"https:\/\/api.w.org\/{rel}","templated":true}]}}