{"id":36136,"date":"2021-11-05T10:41:00","date_gmt":"2021-11-05T13:41:00","guid":{"rendered":"http:\/\/www.almargenweb.com.ar\/web\/?p=36136"},"modified":"2021-11-05T10:41:01","modified_gmt":"2021-11-05T13:41:01","slug":"el-consumo-de-carne-de-cerdo-supero-los-20-kilos-por-habitante-al-ano","status":"publish","type":"post","link":"https:\/\/www.almargenweb.com.ar\/web\/el-consumo-de-carne-de-cerdo-supero-los-20-kilos-por-habitante-al-ano\/","title":{"rendered":"El consumo de carne de cerdo super\u00f3 los 20 kilos por habitante al a\u00f1o"},"content":{"rendered":"\n<p>El consumo interno per c\u00e1pita de la carne de cerdo alcanz\u00f3 niveles hist\u00f3ricos en septiembre, ubic\u00e1ndose, seg\u00fan mediciones de la consultora especializada en el sector porcino JLU, en 20,5 kilos por habitante al a\u00f1o. <\/p>\n\n\n\n<p>Sin dudas, este r\u00e9cord adquiere mayor magnitud si se lo compara con las cifras de principios de 2000. <\/p>\n\n\n\n<p>En 2002 se consum\u00edan a nivel local 4 kilos de prote\u00edna porcina, de los cuales tres eran a trav\u00e9s de chacinados (fiambres, chorizos, etc.) y uno en carne fresca.<\/p>\n\n\n\n<p> Hoy no solamente la ingesta casi cuadruplica a los valores de dicho a\u00f1o, sino que tambi\u00e9n dio vuelta la l\u00f3gica de consumo: 18,5 kilos son de carne fresca, mientras que solo 2 corresponden a chacinados. <\/p>\n\n\n\n<figure class=\"wp-block-image size-full\"><img loading=\"lazy\" decoding=\"async\" width=\"970\" height=\"550\" src=\"https:\/\/www.almargenweb.com.ar\/web\/wp-content\/uploads\/2021\/11\/35715.jpg\" alt=\"\" class=\"wp-image-36138\" srcset=\"https:\/\/www.almargenweb.com.ar\/web\/wp-content\/uploads\/2021\/11\/35715.jpg 970w, https:\/\/www.almargenweb.com.ar\/web\/wp-content\/uploads\/2021\/11\/35715-300x170.jpg 300w, https:\/\/www.almargenweb.com.ar\/web\/wp-content\/uploads\/2021\/11\/35715-768x435.jpg 768w\" sizes=\"auto, (max-width: 970px) 100vw, 970px\" \/><\/figure>\n<!-- AddThis Advanced Settings generic via filter on the_content --><!-- AddThis Share Buttons generic via filter on the_content -->","protected":false},"excerpt":{"rendered":"<p>El consumo interno per c\u00e1pita de la carne de cerdo alcanz\u00f3 niveles hist\u00f3ricos en septiembre, ubic\u00e1ndose, [&hellip;]<!-- AddThis Advanced Settings generic via filter on get_the_excerpt --><!-- AddThis Share Buttons generic via filter on get_the_excerpt --><\/p>\n","protected":false},"author":16,"featured_media":36139,"comment_status":"open","ping_status":"open","sticky":false,"template":"","format":"standard","meta":{"_seopress_robots_primary_cat":"none","_seopress_titles_title":"","_seopress_titles_desc":"","_seopress_robots_index":"","_themeisle_gutenberg_block_has_review":false,"footnotes":""},"categories":[2,5,140,9],"tags":[],"class_list":["post-36136","post","type-post","status-publish","format-standard","has-post-thumbnail","hentry","category-actualidad","category-economia","category-nacionales","category-politica"],"_links":{"self":[{"href":"https:\/\/www.almargenweb.com.ar\/web\/wp-json\/wp\/v2\/posts\/36136","targetHints":{"allow":["GET"]}}],"collection":[{"href":"https:\/\/www.almargenweb.com.ar\/web\/wp-json\/wp\/v2\/posts"}],"about":[{"href":"https:\/\/www.almargenweb.com.ar\/web\/wp-json\/wp\/v2\/types\/post"}],"author":[{"embeddable":true,"href":"https:\/\/www.almargenweb.com.ar\/web\/wp-json\/wp\/v2\/users\/16"}],"replies":[{"embeddable":true,"href":"https:\/\/www.almargenweb.com.ar\/web\/wp-json\/wp\/v2\/comments?post=36136"}],"version-history":[{"count":1,"href":"https:\/\/www.almargenweb.com.ar\/web\/wp-json\/wp\/v2\/posts\/36136\/revisions"}],"predecessor-version":[{"id":36140,"href":"https:\/\/www.almargenweb.com.ar\/web\/wp-json\/wp\/v2\/posts\/36136\/revisions\/36140"}],"wp:featuredmedia":[{"embeddable":true,"href":"https:\/\/www.almargenweb.com.ar\/web\/wp-json\/wp\/v2\/media\/36139"}],"wp:attachment":[{"href":"https:\/\/www.almargenweb.com.ar\/web\/wp-json\/wp\/v2\/media?parent=36136"}],"wp:term":[{"taxonomy":"category","embeddable":true,"href":"https:\/\/www.almargenweb.com.ar\/web\/wp-json\/wp\/v2\/categories?post=36136"},{"taxonomy":"post_tag","embeddable":true,"href":"https:\/\/www.almargenweb.com.ar\/web\/wp-json\/wp\/v2\/tags?post=36136"}],"curies":[{"name":"wp","href":"https:\/\/api.w.org\/{rel}","templated":true}]}}