{"id":36124,"date":"2021-11-03T10:37:02","date_gmt":"2021-11-03T13:37:02","guid":{"rendered":"http:\/\/www.almargenweb.com.ar\/web\/?p=36124"},"modified":"2021-11-03T10:37:03","modified_gmt":"2021-11-03T13:37:03","slug":"lacteos-cayo-35-el-consumo-interno-y-subieron-111-las-exportaciones","status":"publish","type":"post","link":"https:\/\/www.almargenweb.com.ar\/web\/lacteos-cayo-35-el-consumo-interno-y-subieron-111-las-exportaciones\/","title":{"rendered":"L\u00e1cteos: cay\u00f3 3,5% el consumo interno y subieron 11,1% las exportaciones"},"content":{"rendered":"\n<p>El Observatorio de la Cadena L\u00e1ctea Argentina (OCLA) inform\u00f3 que entre enero y agosto se registr\u00f3 una ca\u00edda promedio del 6,6% interanual en las ventas de productos del sector.<\/p>\n\n\n\n<p>Y del 3,5% en litros de leche, en base a datos oficiales del Panel de Industrias L\u00e1cteas establecido por la Resoluci\u00f3n 230\/16 del Ministerio de Agricultura.<\/p>\n\n\n\n<p>Sin embargo, el declive en el mercado interno fue compensado por un repunte de las exportaciones en el mismo per\u00edodo, que fue del 11,1% en volumen y del 19,9% en el monto recaudado, al llegar a los US$ 807,4 millones.<\/p>\n\n\n\n<p>Al analizar los destinos de los env\u00edos al exterior, se dividieron entre Argelia (26%), Brasil (26%), Rusia (10%), Chile (8%) China (6%), y el restante 24% en pa\u00edses como Per\u00fa, Egipto, Indonesia y Uruguay, entre muchos otros.<\/p>\n\n\n\n<p>No obstante, las exportaciones del 2021, aunque son superiores a las del per\u00edodo anterior, presentaron una importante oscilaci\u00f3n mensual debido a varias circunstancias.<\/p>\n<!-- AddThis Advanced Settings generic via filter on the_content --><!-- AddThis Share Buttons generic via filter on the_content -->","protected":false},"excerpt":{"rendered":"<p>El Observatorio de la Cadena L\u00e1ctea Argentina (OCLA) inform\u00f3 que entre enero y agosto se registr\u00f3 [&hellip;]<!-- AddThis Advanced Settings generic via filter on get_the_excerpt --><!-- AddThis Share Buttons generic via filter on get_the_excerpt --><\/p>\n","protected":false},"author":16,"featured_media":36126,"comment_status":"open","ping_status":"open","sticky":false,"template":"","format":"standard","meta":{"_seopress_robots_primary_cat":"none","_seopress_titles_title":"","_seopress_titles_desc":"","_seopress_robots_index":"","_themeisle_gutenberg_block_has_review":false,"footnotes":""},"categories":[2,164,5,140,9,15],"tags":[],"class_list":["post-36124","post","type-post","status-publish","format-standard","has-post-thumbnail","hentry","category-actualidad","category-ambiente","category-economia","category-nacionales","category-politica","category-salud"],"_links":{"self":[{"href":"https:\/\/www.almargenweb.com.ar\/web\/wp-json\/wp\/v2\/posts\/36124","targetHints":{"allow":["GET"]}}],"collection":[{"href":"https:\/\/www.almargenweb.com.ar\/web\/wp-json\/wp\/v2\/posts"}],"about":[{"href":"https:\/\/www.almargenweb.com.ar\/web\/wp-json\/wp\/v2\/types\/post"}],"author":[{"embeddable":true,"href":"https:\/\/www.almargenweb.com.ar\/web\/wp-json\/wp\/v2\/users\/16"}],"replies":[{"embeddable":true,"href":"https:\/\/www.almargenweb.com.ar\/web\/wp-json\/wp\/v2\/comments?post=36124"}],"version-history":[{"count":1,"href":"https:\/\/www.almargenweb.com.ar\/web\/wp-json\/wp\/v2\/posts\/36124\/revisions"}],"predecessor-version":[{"id":36127,"href":"https:\/\/www.almargenweb.com.ar\/web\/wp-json\/wp\/v2\/posts\/36124\/revisions\/36127"}],"wp:featuredmedia":[{"embeddable":true,"href":"https:\/\/www.almargenweb.com.ar\/web\/wp-json\/wp\/v2\/media\/36126"}],"wp:attachment":[{"href":"https:\/\/www.almargenweb.com.ar\/web\/wp-json\/wp\/v2\/media?parent=36124"}],"wp:term":[{"taxonomy":"category","embeddable":true,"href":"https:\/\/www.almargenweb.com.ar\/web\/wp-json\/wp\/v2\/categories?post=36124"},{"taxonomy":"post_tag","embeddable":true,"href":"https:\/\/www.almargenweb.com.ar\/web\/wp-json\/wp\/v2\/tags?post=36124"}],"curies":[{"name":"wp","href":"https:\/\/api.w.org\/{rel}","templated":true}]}}