{"id":36119,"date":"2021-11-02T10:43:11","date_gmt":"2021-11-02T13:43:11","guid":{"rendered":"http:\/\/www.almargenweb.com.ar\/web\/?p=36119"},"modified":"2021-11-02T10:43:12","modified_gmt":"2021-11-02T13:43:12","slug":"humboldt-autoridades-comunales-participaron-de-charlas-informativas-sobre-fitosanitarios","status":"publish","type":"post","link":"https:\/\/www.almargenweb.com.ar\/web\/humboldt-autoridades-comunales-participaron-de-charlas-informativas-sobre-fitosanitarios\/","title":{"rendered":"Humboldt; autoridades comunales participaron de charlas informativas sobre fitosanitarios"},"content":{"rendered":"\n<p>Los productos fitosanitarios, que se destinan a preservar la producci\u00f3n, el almacenaje, la distribuci\u00f3n y el transporte de todo tipo de productos de tipo agr\u00edcola y de otros procedentes de ellos. Su fin es, tambi\u00e9n, proteger la salud p\u00fablica.<\/p>\n\n\n\n<p>La reunion organizada por el Ministerio de la Produccion, tuvo como eje central la tematica de los controles con fitosanitarios en el area periurbana.<\/p>\n\n\n\n<p>Tal como el Misnisterio aconseja, la comuna de humbodlt, cuenta desde hace 4 anos con el asesoramiento de un profesional veedor.<\/p>\n\n\n\n<p>Desde la Comuna de Humboldt, se\u00f1alaron que &#8220;el conflicto urbano-rural debe ser una oportunidad para generar concensos  para una construccion social positiva respecto al uso de fitosanitarios&#8221;.<\/p>\n\n\n\n<figure class=\"wp-block-image size-large\"><img loading=\"lazy\" decoding=\"async\" width=\"1024\" height=\"509\" src=\"https:\/\/www.almargenweb.com.ar\/web\/wp-content\/uploads\/2021\/11\/aplicacion-1-1024x509.jpg\" alt=\"\" class=\"wp-image-36121\" srcset=\"https:\/\/www.almargenweb.com.ar\/web\/wp-content\/uploads\/2021\/11\/aplicacion-1-1024x509.jpg 1024w, https:\/\/www.almargenweb.com.ar\/web\/wp-content\/uploads\/2021\/11\/aplicacion-1-300x149.jpg 300w, https:\/\/www.almargenweb.com.ar\/web\/wp-content\/uploads\/2021\/11\/aplicacion-1-768x382.jpg 768w, https:\/\/www.almargenweb.com.ar\/web\/wp-content\/uploads\/2021\/11\/aplicacion-1.jpg 1200w\" sizes=\"auto, (max-width: 1024px) 100vw, 1024px\" \/><figcaption>Para la OMS, la diferencia entre productos fito-sanitarios y plaguicidas, radica en la composici\u00f3n qu\u00edmica de estos \u00faltimos. <\/figcaption><\/figure>\n\n\n\n<p>La Organizaci\u00f3n Mundial de la Salud (OMS) hace una diferencia b\u00e1sica entre los productos fitosanitarios y los plaguicidas, y determina que \u00e9sta \u00faltima definici\u00f3n es un t\u00e9rmino que engloba a utilizaciones de sustancias no agr\u00edcolas o vegetales, como son los biocidas (f\u00edsicos, biol\u00f3gicos o qu\u00edmicos).<\/p>\n\n\n\n<p>Debido a que la utilizaci\u00f3n m\u00e1s habitual de los plaguicidas es como productos fitosanitarios, los dos t\u00e9rminos suelen utilizarse de manera id\u00e9ntica.<\/p>\n<!-- AddThis Advanced Settings generic via filter on the_content --><!-- AddThis Share Buttons generic via filter on the_content -->","protected":false},"excerpt":{"rendered":"<p>Los productos fitosanitarios, que se destinan a preservar la producci\u00f3n, el almacenaje, la distribuci\u00f3n y el [&hellip;]<!-- AddThis Advanced Settings generic via filter on get_the_excerpt --><!-- AddThis Share Buttons generic via filter on get_the_excerpt --><\/p>\n","protected":false},"author":16,"featured_media":36122,"comment_status":"open","ping_status":"open","sticky":false,"template":"","format":"standard","meta":{"_seopress_robots_primary_cat":"none","_seopress_titles_title":"","_seopress_titles_desc":"","_seopress_robots_index":"","_themeisle_gutenberg_block_has_review":false,"footnotes":""},"categories":[2,164,19,21,9,29,15],"tags":[],"class_list":["post-36119","post","type-post","status-publish","format-standard","has-post-thumbnail","hentry","category-actualidad","category-ambiente","category-educacion","category-las-colonias","category-politica","category-regionales","category-salud"],"_links":{"self":[{"href":"https:\/\/www.almargenweb.com.ar\/web\/wp-json\/wp\/v2\/posts\/36119","targetHints":{"allow":["GET"]}}],"collection":[{"href":"https:\/\/www.almargenweb.com.ar\/web\/wp-json\/wp\/v2\/posts"}],"about":[{"href":"https:\/\/www.almargenweb.com.ar\/web\/wp-json\/wp\/v2\/types\/post"}],"author":[{"embeddable":true,"href":"https:\/\/www.almargenweb.com.ar\/web\/wp-json\/wp\/v2\/users\/16"}],"replies":[{"embeddable":true,"href":"https:\/\/www.almargenweb.com.ar\/web\/wp-json\/wp\/v2\/comments?post=36119"}],"version-history":[{"count":1,"href":"https:\/\/www.almargenweb.com.ar\/web\/wp-json\/wp\/v2\/posts\/36119\/revisions"}],"predecessor-version":[{"id":36123,"href":"https:\/\/www.almargenweb.com.ar\/web\/wp-json\/wp\/v2\/posts\/36119\/revisions\/36123"}],"wp:featuredmedia":[{"embeddable":true,"href":"https:\/\/www.almargenweb.com.ar\/web\/wp-json\/wp\/v2\/media\/36122"}],"wp:attachment":[{"href":"https:\/\/www.almargenweb.com.ar\/web\/wp-json\/wp\/v2\/media?parent=36119"}],"wp:term":[{"taxonomy":"category","embeddable":true,"href":"https:\/\/www.almargenweb.com.ar\/web\/wp-json\/wp\/v2\/categories?post=36119"},{"taxonomy":"post_tag","embeddable":true,"href":"https:\/\/www.almargenweb.com.ar\/web\/wp-json\/wp\/v2\/tags?post=36119"}],"curies":[{"name":"wp","href":"https:\/\/api.w.org\/{rel}","templated":true}]}}