{"id":36115,"date":"2021-11-02T09:01:15","date_gmt":"2021-11-02T12:01:15","guid":{"rendered":"http:\/\/www.almargenweb.com.ar\/web\/?p=36115"},"modified":"2021-11-02T09:01:17","modified_gmt":"2021-11-02T12:01:17","slug":"carne-aseguran-que-crecieron-las-exportaciones-en-desmedro-del-consumo-interno","status":"publish","type":"post","link":"https:\/\/www.almargenweb.com.ar\/web\/carne-aseguran-que-crecieron-las-exportaciones-en-desmedro-del-consumo-interno\/","title":{"rendered":"Carne; aseguran que crecieron las exportaciones en desmedro del consumo interno"},"content":{"rendered":"\n<p>Las exportaciones de carne vacuna alcanzaron las 77.728 toneladas de res con hueso en septiembre, un 19% m\u00e1s que lo registrado el mes previo y apenas un 8% menos que en igual mes de 2020, cuando no hab\u00eda restricciones a los env\u00edos.<\/p>\n\n\n\n<p>Como contrapartida de los mayores embarques, se registr\u00f3 una ca\u00edda en el consumo local de carne vacuna en lo que va del a\u00f1o.<\/p>\n\n\n\n<p> De acuerdo a datos del Instituto de Promoci\u00f3n de Carne Vacuna, \u201ca lo largo de los primeros nueve meses de 2021, la producci\u00f3n aport\u00f3 unas 2,2 millones de toneladas equivalente res, de los cuales 619 mil toneladas fueron a exportaci\u00f3n y el resto qued\u00f3 en el mercado dom\u00e9stico\u201d.<\/p>\n\n\n\n<p>Lo que \u201cpermiti\u00f3 disponer de un consumo aparente por habitante al a\u00f1o de 46,4 kilos, 6,9% menos, comparado con igual lapso de 2020.<\/p>\n\n\n\n<p>Esta reducci\u00f3n del consumo de carne bovina se dio en un contexto de fuertes subas en los precios al consumidor.<\/p>\n<!-- AddThis Advanced Settings generic via filter on the_content --><!-- AddThis Share Buttons generic via filter on the_content -->","protected":false},"excerpt":{"rendered":"<p>Las exportaciones de carne vacuna alcanzaron las 77.728 toneladas de res con hueso en septiembre, un [&hellip;]<!-- AddThis Advanced Settings generic via filter on get_the_excerpt --><!-- AddThis Share Buttons generic via filter on get_the_excerpt --><\/p>\n","protected":false},"author":16,"featured_media":36117,"comment_status":"open","ping_status":"open","sticky":false,"template":"","format":"standard","meta":{"_seopress_robots_primary_cat":"none","_seopress_titles_title":"","_seopress_titles_desc":"","_seopress_robots_index":"","_themeisle_gutenberg_block_has_review":false,"footnotes":""},"categories":[2,164,5,9],"tags":[],"class_list":["post-36115","post","type-post","status-publish","format-standard","has-post-thumbnail","hentry","category-actualidad","category-ambiente","category-economia","category-politica"],"_links":{"self":[{"href":"https:\/\/www.almargenweb.com.ar\/web\/wp-json\/wp\/v2\/posts\/36115","targetHints":{"allow":["GET"]}}],"collection":[{"href":"https:\/\/www.almargenweb.com.ar\/web\/wp-json\/wp\/v2\/posts"}],"about":[{"href":"https:\/\/www.almargenweb.com.ar\/web\/wp-json\/wp\/v2\/types\/post"}],"author":[{"embeddable":true,"href":"https:\/\/www.almargenweb.com.ar\/web\/wp-json\/wp\/v2\/users\/16"}],"replies":[{"embeddable":true,"href":"https:\/\/www.almargenweb.com.ar\/web\/wp-json\/wp\/v2\/comments?post=36115"}],"version-history":[{"count":1,"href":"https:\/\/www.almargenweb.com.ar\/web\/wp-json\/wp\/v2\/posts\/36115\/revisions"}],"predecessor-version":[{"id":36118,"href":"https:\/\/www.almargenweb.com.ar\/web\/wp-json\/wp\/v2\/posts\/36115\/revisions\/36118"}],"wp:featuredmedia":[{"embeddable":true,"href":"https:\/\/www.almargenweb.com.ar\/web\/wp-json\/wp\/v2\/media\/36117"}],"wp:attachment":[{"href":"https:\/\/www.almargenweb.com.ar\/web\/wp-json\/wp\/v2\/media?parent=36115"}],"wp:term":[{"taxonomy":"category","embeddable":true,"href":"https:\/\/www.almargenweb.com.ar\/web\/wp-json\/wp\/v2\/categories?post=36115"},{"taxonomy":"post_tag","embeddable":true,"href":"https:\/\/www.almargenweb.com.ar\/web\/wp-json\/wp\/v2\/tags?post=36115"}],"curies":[{"name":"wp","href":"https:\/\/api.w.org\/{rel}","templated":true}]}}