{"id":36094,"date":"2021-10-29T08:14:00","date_gmt":"2021-10-29T11:14:00","guid":{"rendered":"http:\/\/www.almargenweb.com.ar\/web\/?p=36094"},"modified":"2021-10-28T22:42:09","modified_gmt":"2021-10-29T01:42:09","slug":"dario-riva-en-santo-domingo-presento-a-su-equipo-de-trabajo-y-proyecto-los-desafios-de-la-urbanizacion","status":"publish","type":"post","link":"https:\/\/www.almargenweb.com.ar\/web\/dario-riva-en-santo-domingo-presento-a-su-equipo-de-trabajo-y-proyecto-los-desafios-de-la-urbanizacion\/","title":{"rendered":"Dar\u00edo Riva en Santo Domingo, present\u00f3 a su equipo de trabajo y proyect\u00f3 los desaf\u00edos de la urbanizaci\u00f3n"},"content":{"rendered":"\n<p>El candidato a presidente comunal present\u00f3 al equipo que lo acompa\u00f1a y habl\u00f3 sobre el proyecto urbano, desarrollado junto al espacio pol\u00edtico que lidera.<\/p>\n\n\n\n<p>Una herramienta para estimular el progreso es la pavimentaci\u00f3n y en este sentido, Riva esta convencido que \u201cel ripiado y pavimentaci\u00f3n de calles, junto con el acceso a la electricidad, mejoran notablemente la calidad de vida para los habitantes de Santo Domingo\u201d.<\/p>\n\n\n\n<p>El gas natural es visto en la actualidad como una de las principales y m\u00e1s relevantes fuentes de energ\u00eda, utilizadas tanto para uso dom\u00e9stico como para uso industrial o comercial. Por esta raz\u00f3n, el candidato por el Frente Progresista, quiere retomar el proyecto de gas natural presentado por su gesti\u00f3n anterior (2003-2017).<\/p>\n\n\n\n<figure class=\"wp-block-image size-full is-resized\"><img loading=\"lazy\" decoding=\"async\" src=\"https:\/\/www.almargenweb.com.ar\/web\/wp-content\/uploads\/2021\/10\/IMG-20211027-WA0008-01.jpeg\" alt=\"\" class=\"wp-image-36097\" width=\"835\" height=\"558\" srcset=\"https:\/\/www.almargenweb.com.ar\/web\/wp-content\/uploads\/2021\/10\/IMG-20211027-WA0008-01.jpeg 568w, https:\/\/www.almargenweb.com.ar\/web\/wp-content\/uploads\/2021\/10\/IMG-20211027-WA0008-01-300x201.jpeg 300w\" sizes=\"auto, (max-width: 835px) 100vw, 835px\" \/><figcaption>&#8220;Sabemos que llego el momento de materializar el potencial que tiene Santo Domingo&#8221; dijo el candidato a presidente comunal,Dar\u00edo Riva.<\/figcaption><\/figure>\n\n\n\n<p>&#8220;Tenemos un plan de urbanizaci\u00f3n para resolver la situaci\u00f3n habitacional de Santo Domingo&#8221; y para esto, asegur\u00f3 gestionar ante la Direcci\u00f3n de Vivienda y Urbanismos, la construcci\u00f3n en terrenos propios.<\/p>\n\n\n\n<p>Motivado y de cara a las pr\u00f3ximas elecciones,  el candidato comunal dijo que seguir\u00e1n &#8220;trabajando en equipo y siempre cerca de la gente&#8221; finaliz\u00f3. <\/p>\n<!-- AddThis Advanced Settings generic via filter on the_content --><!-- AddThis Share Buttons generic via filter on the_content -->","protected":false},"excerpt":{"rendered":"<p>El candidato a presidente comunal present\u00f3 al equipo que lo acompa\u00f1a y habl\u00f3 sobre el proyecto [&hellip;]<!-- AddThis Advanced Settings generic via filter on get_the_excerpt --><!-- AddThis Share Buttons generic via filter on get_the_excerpt --><\/p>\n","protected":false},"author":16,"featured_media":36096,"comment_status":"open","ping_status":"open","sticky":false,"template":"","format":"standard","meta":{"_seopress_robots_primary_cat":"none","_seopress_titles_title":"","_seopress_titles_desc":"","_seopress_robots_index":"","_themeisle_gutenberg_block_has_review":false,"footnotes":""},"categories":[2,20,21,24,9,29],"tags":[],"class_list":["post-36094","post","type-post","status-publish","format-standard","has-post-thumbnail","hentry","category-actualidad","category-departamentales","category-las-colonias","category-obras-publicas","category-politica","category-regionales"],"_links":{"self":[{"href":"https:\/\/www.almargenweb.com.ar\/web\/wp-json\/wp\/v2\/posts\/36094","targetHints":{"allow":["GET"]}}],"collection":[{"href":"https:\/\/www.almargenweb.com.ar\/web\/wp-json\/wp\/v2\/posts"}],"about":[{"href":"https:\/\/www.almargenweb.com.ar\/web\/wp-json\/wp\/v2\/types\/post"}],"author":[{"embeddable":true,"href":"https:\/\/www.almargenweb.com.ar\/web\/wp-json\/wp\/v2\/users\/16"}],"replies":[{"embeddable":true,"href":"https:\/\/www.almargenweb.com.ar\/web\/wp-json\/wp\/v2\/comments?post=36094"}],"version-history":[{"count":1,"href":"https:\/\/www.almargenweb.com.ar\/web\/wp-json\/wp\/v2\/posts\/36094\/revisions"}],"predecessor-version":[{"id":36098,"href":"https:\/\/www.almargenweb.com.ar\/web\/wp-json\/wp\/v2\/posts\/36094\/revisions\/36098"}],"wp:featuredmedia":[{"embeddable":true,"href":"https:\/\/www.almargenweb.com.ar\/web\/wp-json\/wp\/v2\/media\/36096"}],"wp:attachment":[{"href":"https:\/\/www.almargenweb.com.ar\/web\/wp-json\/wp\/v2\/media?parent=36094"}],"wp:term":[{"taxonomy":"category","embeddable":true,"href":"https:\/\/www.almargenweb.com.ar\/web\/wp-json\/wp\/v2\/categories?post=36094"},{"taxonomy":"post_tag","embeddable":true,"href":"https:\/\/www.almargenweb.com.ar\/web\/wp-json\/wp\/v2\/tags?post=36094"}],"curies":[{"name":"wp","href":"https:\/\/api.w.org\/{rel}","templated":true}]}}