{"id":36075,"date":"2021-10-27T11:13:35","date_gmt":"2021-10-27T14:13:35","guid":{"rendered":"http:\/\/www.almargenweb.com.ar\/web\/?p=36075"},"modified":"2021-10-27T11:13:36","modified_gmt":"2021-10-27T14:13:36","slug":"octogonos-negros-de-que-se-trata-el-proyecto-de-ley-de-etiquetado-frontal-de-alimentos","status":"publish","type":"post","link":"https:\/\/www.almargenweb.com.ar\/web\/octogonos-negros-de-que-se-trata-el-proyecto-de-ley-de-etiquetado-frontal-de-alimentos\/","title":{"rendered":"Oct\u00f3gonos negros: de qu\u00e9 se trata el proyecto de ley de etiquetado frontal de alimentos"},"content":{"rendered":"\n<p>Ya es ley el Etiquetado Frontal de Alimentos. En una sesi\u00f3n marat\u00f3nica, la C\u00e1mara de Diputados aprob\u00f3 el proyecto que obliga a marcar con un sello octogonal negro de advertencia los paquetes y envoltorios de todos los alimentos que tengan exceso en az\u00facares, grasas, calor\u00edas o sodio.<\/p>\n\n\n\n<p>Este proyecto propone prevenir la malnutrici\u00f3n agregando a los envases etiquetas octogonales negras que adviertan sobre el exceso de calor\u00edas, grasas saturadas, az\u00facares o lo que corresponda.<\/p>\n\n\n\n<p>En un pa\u00eds donde la hipertensi\u00f3n, la hiperglucemia y la obesidad ocasionan 140.000 muertes por a\u00f1o, la Ley de Etiquetado Frontal es la puerta de entrada para que el Estado pueda tratar una de las aristas de la problem\u00e1tica de malnutrici\u00f3n en Argentina.\u2063<\/p>\n\n\n\n<p>El consumo excesivo de los llamados \u201cnutrientes cr\u00edticos\u201d es un problema de Salud P\u00fablica que se asocia con enfermedades como diabetes, sobrepeso e hipertensi\u00f3n arterial, pero tambi\u00e9n con enfermedades card\u00edacas, vasculares, renales y cerebrales.<\/p>\n\n\n\n<figure class=\"wp-block-image size-full is-resized\"><img loading=\"lazy\" decoding=\"async\" src=\"https:\/\/www.almargenweb.com.ar\/web\/wp-content\/uploads\/2021\/10\/f608x342-108384_138107_0.jpg\" alt=\"\" class=\"wp-image-36078\" width=\"834\" height=\"469\" srcset=\"https:\/\/www.almargenweb.com.ar\/web\/wp-content\/uploads\/2021\/10\/f608x342-108384_138107_0.jpg 608w, https:\/\/www.almargenweb.com.ar\/web\/wp-content\/uploads\/2021\/10\/f608x342-108384_138107_0-300x169.jpg 300w\" sizes=\"auto, (max-width: 834px) 100vw, 834px\" \/><figcaption>Este proyecto propone prevenir la malnutrici\u00f3n agregando a los envases etiquetas octogonales negras que adviertan sobre el exceso de calor\u00edas.<\/figcaption><\/figure>\n\n\n\n<p>El proyecto aprovado, propone educaci\u00f3n y busca prohibir avales de sociedades cient\u00edficas o asociaciones civiles en los envases, publicidades a ni\u00f1os y adolescentes de alimentos o bebidas con al menos un sello de advertencia y la promoci\u00f3n o entrega gratuita de este tipo de alimentos.<\/p>\n<!-- AddThis Advanced Settings generic via filter on the_content --><!-- AddThis Share Buttons generic via filter on the_content -->","protected":false},"excerpt":{"rendered":"<p>Ya es ley el Etiquetado Frontal de Alimentos. En una sesi\u00f3n marat\u00f3nica, la C\u00e1mara de Diputados [&hellip;]<!-- AddThis Advanced Settings generic via filter on get_the_excerpt --><!-- AddThis Share Buttons generic via filter on get_the_excerpt --><\/p>\n","protected":false},"author":16,"featured_media":36077,"comment_status":"open","ping_status":"open","sticky":false,"template":"","format":"standard","meta":{"_seopress_robots_primary_cat":"none","_seopress_titles_title":"","_seopress_titles_desc":"","_seopress_robots_index":"","_themeisle_gutenberg_block_has_review":false,"footnotes":""},"categories":[2,19,140,9,15],"tags":[],"class_list":["post-36075","post","type-post","status-publish","format-standard","has-post-thumbnail","hentry","category-actualidad","category-educacion","category-nacionales","category-politica","category-salud"],"_links":{"self":[{"href":"https:\/\/www.almargenweb.com.ar\/web\/wp-json\/wp\/v2\/posts\/36075","targetHints":{"allow":["GET"]}}],"collection":[{"href":"https:\/\/www.almargenweb.com.ar\/web\/wp-json\/wp\/v2\/posts"}],"about":[{"href":"https:\/\/www.almargenweb.com.ar\/web\/wp-json\/wp\/v2\/types\/post"}],"author":[{"embeddable":true,"href":"https:\/\/www.almargenweb.com.ar\/web\/wp-json\/wp\/v2\/users\/16"}],"replies":[{"embeddable":true,"href":"https:\/\/www.almargenweb.com.ar\/web\/wp-json\/wp\/v2\/comments?post=36075"}],"version-history":[{"count":1,"href":"https:\/\/www.almargenweb.com.ar\/web\/wp-json\/wp\/v2\/posts\/36075\/revisions"}],"predecessor-version":[{"id":36079,"href":"https:\/\/www.almargenweb.com.ar\/web\/wp-json\/wp\/v2\/posts\/36075\/revisions\/36079"}],"wp:featuredmedia":[{"embeddable":true,"href":"https:\/\/www.almargenweb.com.ar\/web\/wp-json\/wp\/v2\/media\/36077"}],"wp:attachment":[{"href":"https:\/\/www.almargenweb.com.ar\/web\/wp-json\/wp\/v2\/media?parent=36075"}],"wp:term":[{"taxonomy":"category","embeddable":true,"href":"https:\/\/www.almargenweb.com.ar\/web\/wp-json\/wp\/v2\/categories?post=36075"},{"taxonomy":"post_tag","embeddable":true,"href":"https:\/\/www.almargenweb.com.ar\/web\/wp-json\/wp\/v2\/tags?post=36075"}],"curies":[{"name":"wp","href":"https:\/\/api.w.org\/{rel}","templated":true}]}}