{"id":36061,"date":"2021-10-26T09:05:16","date_gmt":"2021-10-26T12:05:16","guid":{"rendered":"http:\/\/www.almargenweb.com.ar\/web\/?p=36061"},"modified":"2021-10-26T09:05:17","modified_gmt":"2021-10-26T12:05:17","slug":"eliminaron-las-restricciones-a-la-cantidad-de-pasajeros-en-el-transporte-publico","status":"publish","type":"post","link":"https:\/\/www.almargenweb.com.ar\/web\/eliminaron-las-restricciones-a-la-cantidad-de-pasajeros-en-el-transporte-publico\/","title":{"rendered":"Eliminaron las restricciones a la cantidad de pasajeros en el transporte p\u00fablico"},"content":{"rendered":"\n<p>El Gobierno derog\u00f3 este lunes la Resoluci\u00f3n N\u00b0 64 del Ministerio de Transporte, fechada 18 de marzo de 2020 y modificada en \u00faltimo t\u00e9rmino el 9 de agosto de 2021 por la Resoluci\u00f3n N\u00ba 269.<\/p>\n\n\n\n<p>la resoluci\u00f3n restring\u00eda la cantidad de pasajeros en el transporte automotor y ferroviario de pasajeros urbanos, suburbanos y regionales de jurisdicci\u00f3n nacional. La disposici\u00f3n ten\u00eda como objetivo promover el distanciamiento social en el marco de la pandemia de covid-19.<\/p>\n\n\n\n<p>Entre otras cuestiones que las empresas prestatarias de los servicios p\u00fablicos deber\u00e1n \u201cgarantizar la m\u00e1xima frecuencia de sus servicios\u201d y \u201ccontar con una correcta ventilaci\u00f3n de los veh\u00edculos\u201d.<\/p>\n\n\n\n<p>En este \u00faltimo caso, se precis\u00f3 que las unidades de transporte automotor sin aire acondicionado \u201cdeber\u00e1n circular con la totalidad de los ventiletes y\/o ventanillas abiertos durante todo el viaje a fin de mantener la m\u00e1xima circulaci\u00f3n de aire\u201d.<\/p>\n\n\n\n<p>Adem\u00e1s, la Resoluci\u00f3n propone, extremar los recaudos para la desinfecci\u00f3n e higiene de los veh\u00edculos,  y \u201cexigir el uso obligatorio de elementos de protecci\u00f3n que cubran nariz, boca y ment\u00f3n durante todo el viaje y durante el tiempo de espera para ascender al mismo&#8221;.<\/p>\n<!-- AddThis Advanced Settings generic via filter on the_content --><!-- AddThis Share Buttons generic via filter on the_content -->","protected":false},"excerpt":{"rendered":"<p>El Gobierno derog\u00f3 este lunes la Resoluci\u00f3n N\u00b0 64 del Ministerio de Transporte, fechada 18 de [&hellip;]<!-- AddThis Advanced Settings generic via filter on get_the_excerpt --><!-- AddThis Share Buttons generic via filter on get_the_excerpt --><\/p>\n","protected":false},"author":16,"featured_media":36063,"comment_status":"open","ping_status":"open","sticky":false,"template":"","format":"standard","meta":{"_seopress_robots_primary_cat":"none","_seopress_titles_title":"","_seopress_titles_desc":"","_seopress_robots_index":"","_themeisle_gutenberg_block_has_review":false,"footnotes":""},"categories":[2,164,47,140,15,317],"tags":[],"class_list":["post-36061","post","type-post","status-publish","format-standard","has-post-thumbnail","hentry","category-actualidad","category-ambiente","category-locales","category-nacionales","category-salud","category-transporte"],"_links":{"self":[{"href":"https:\/\/www.almargenweb.com.ar\/web\/wp-json\/wp\/v2\/posts\/36061","targetHints":{"allow":["GET"]}}],"collection":[{"href":"https:\/\/www.almargenweb.com.ar\/web\/wp-json\/wp\/v2\/posts"}],"about":[{"href":"https:\/\/www.almargenweb.com.ar\/web\/wp-json\/wp\/v2\/types\/post"}],"author":[{"embeddable":true,"href":"https:\/\/www.almargenweb.com.ar\/web\/wp-json\/wp\/v2\/users\/16"}],"replies":[{"embeddable":true,"href":"https:\/\/www.almargenweb.com.ar\/web\/wp-json\/wp\/v2\/comments?post=36061"}],"version-history":[{"count":1,"href":"https:\/\/www.almargenweb.com.ar\/web\/wp-json\/wp\/v2\/posts\/36061\/revisions"}],"predecessor-version":[{"id":36064,"href":"https:\/\/www.almargenweb.com.ar\/web\/wp-json\/wp\/v2\/posts\/36061\/revisions\/36064"}],"wp:featuredmedia":[{"embeddable":true,"href":"https:\/\/www.almargenweb.com.ar\/web\/wp-json\/wp\/v2\/media\/36063"}],"wp:attachment":[{"href":"https:\/\/www.almargenweb.com.ar\/web\/wp-json\/wp\/v2\/media?parent=36061"}],"wp:term":[{"taxonomy":"category","embeddable":true,"href":"https:\/\/www.almargenweb.com.ar\/web\/wp-json\/wp\/v2\/categories?post=36061"},{"taxonomy":"post_tag","embeddable":true,"href":"https:\/\/www.almargenweb.com.ar\/web\/wp-json\/wp\/v2\/tags?post=36061"}],"curies":[{"name":"wp","href":"https:\/\/api.w.org\/{rel}","templated":true}]}}