{"id":36046,"date":"2021-10-22T14:38:32","date_gmt":"2021-10-22T17:38:32","guid":{"rendered":"http:\/\/www.almargenweb.com.ar\/web\/?p=36046"},"modified":"2021-10-22T14:38:33","modified_gmt":"2021-10-22T17:38:33","slug":"musuruana-en-pujato-norte-mis-vecinos-saben-que-me-involucro-para-ayudar-conozco-la-realidad-de-mi-pueblo-porque-radico-en-el","status":"publish","type":"post","link":"https:\/\/www.almargenweb.com.ar\/web\/musuruana-en-pujato-norte-mis-vecinos-saben-que-me-involucro-para-ayudar-conozco-la-realidad-de-mi-pueblo-porque-radico-en-el\/","title":{"rendered":"Musuruana en Pujato Norte, \u201cMis vecinos  saben que me involucro para ayudar, conozco la realidad de mi pueblo porque radico en el\u201d"},"content":{"rendered":"\n<p>Mauro Musuruana, candidato a Presidente Comunal de la localidad de Pujato Norte, por el Frente Progresista C\u00edvico y Social, asegura que \u201ces fundamental tener una convivencia diaria con los vecinos de Pujato Norte. Vivir en el pueblo, es una condici\u00f3n necesaria para responder a las necesidades de la gente\u201d.<\/p>\n\n\n\n<p>El comerciante, insiste en que la pol\u00edtica es una herramienta que permite ayudar al pr\u00f3jimo, cualquiera sea su actividad y abre los canales de dialogo permanente con las instituciones del pueblo.<\/p>\n\n\n\n<figure class=\"wp-block-image size-full\"><img loading=\"lazy\" decoding=\"async\" width=\"864\" height=\"575\" src=\"https:\/\/www.almargenweb.com.ar\/web\/wp-content\/uploads\/2021\/10\/IMG-20211021-WA0016-01.jpeg\" alt=\"\" class=\"wp-image-36048\" srcset=\"https:\/\/www.almargenweb.com.ar\/web\/wp-content\/uploads\/2021\/10\/IMG-20211021-WA0016-01.jpeg 864w, https:\/\/www.almargenweb.com.ar\/web\/wp-content\/uploads\/2021\/10\/IMG-20211021-WA0016-01-300x200.jpeg 300w, https:\/\/www.almargenweb.com.ar\/web\/wp-content\/uploads\/2021\/10\/IMG-20211021-WA0016-01-768x511.jpeg 768w\" sizes=\"auto, (max-width: 864px) 100vw, 864px\" \/><figcaption>Junto a Carina Marzon, su compa\u00f1era de f\u00f3rmula<\/figcaption><\/figure>\n\n\n\n<p>Junto a Carina Marzon, su compa\u00f1era de f\u00f3rmula, lograron conformar un equipo de trabajo con responsabilidad y compromiso de gesti\u00f3n; dispuestos para afrontar los desaf\u00edos que plantea la pol\u00edtica en tiempos de pospandemia, sin dejar de lado los proyectos y obras ya comenzados.<\/p>\n\n\n\n<p>En este sentido, Marzon hablo sobre la importancia de la recuperaci\u00f3n y reciclado de residuos urbanos. \u201cel destino de nuestros residuos es una preocupaci\u00f3n permanente, en materia de medio ambiente. Tenemos en carpeta la proyecci\u00f3n de obras que permitir\u00e1n un destino mas sustentable y amigable con el medio natural que nos rodea\u201d.<\/p>\n\n\n\n<p>Para finalizar, Musuruana insto a seguir trabajando de cara a las pr\u00f3ximas elecciones \u201cpara que Pujato Norte siga siendo el lugar que elegimos para vivir\u201d.<\/p>\n<!-- AddThis Advanced Settings generic via filter on the_content --><!-- AddThis Share Buttons generic via filter on the_content -->","protected":false},"excerpt":{"rendered":"<p>Mauro Musuruana, candidato a Presidente Comunal de la localidad de Pujato Norte, por el Frente Progresista [&hellip;]<!-- AddThis Advanced Settings generic via filter on get_the_excerpt --><!-- AddThis Share Buttons generic via filter on get_the_excerpt --><\/p>\n","protected":false},"author":16,"featured_media":36049,"comment_status":"open","ping_status":"open","sticky":false,"template":"","format":"standard","meta":{"_seopress_robots_primary_cat":"none","_seopress_titles_title":"","_seopress_titles_desc":"","_seopress_robots_index":"","_themeisle_gutenberg_block_has_review":false,"footnotes":""},"categories":[2,20,21,24,9,29],"tags":[],"class_list":["post-36046","post","type-post","status-publish","format-standard","has-post-thumbnail","hentry","category-actualidad","category-departamentales","category-las-colonias","category-obras-publicas","category-politica","category-regionales"],"_links":{"self":[{"href":"https:\/\/www.almargenweb.com.ar\/web\/wp-json\/wp\/v2\/posts\/36046","targetHints":{"allow":["GET"]}}],"collection":[{"href":"https:\/\/www.almargenweb.com.ar\/web\/wp-json\/wp\/v2\/posts"}],"about":[{"href":"https:\/\/www.almargenweb.com.ar\/web\/wp-json\/wp\/v2\/types\/post"}],"author":[{"embeddable":true,"href":"https:\/\/www.almargenweb.com.ar\/web\/wp-json\/wp\/v2\/users\/16"}],"replies":[{"embeddable":true,"href":"https:\/\/www.almargenweb.com.ar\/web\/wp-json\/wp\/v2\/comments?post=36046"}],"version-history":[{"count":1,"href":"https:\/\/www.almargenweb.com.ar\/web\/wp-json\/wp\/v2\/posts\/36046\/revisions"}],"predecessor-version":[{"id":36050,"href":"https:\/\/www.almargenweb.com.ar\/web\/wp-json\/wp\/v2\/posts\/36046\/revisions\/36050"}],"wp:featuredmedia":[{"embeddable":true,"href":"https:\/\/www.almargenweb.com.ar\/web\/wp-json\/wp\/v2\/media\/36049"}],"wp:attachment":[{"href":"https:\/\/www.almargenweb.com.ar\/web\/wp-json\/wp\/v2\/media?parent=36046"}],"wp:term":[{"taxonomy":"category","embeddable":true,"href":"https:\/\/www.almargenweb.com.ar\/web\/wp-json\/wp\/v2\/categories?post=36046"},{"taxonomy":"post_tag","embeddable":true,"href":"https:\/\/www.almargenweb.com.ar\/web\/wp-json\/wp\/v2\/tags?post=36046"}],"curies":[{"name":"wp","href":"https:\/\/api.w.org\/{rel}","templated":true}]}}