{"id":36028,"date":"2021-10-21T08:50:14","date_gmt":"2021-10-21T11:50:14","guid":{"rendered":"http:\/\/www.almargenweb.com.ar\/web\/?p=36028"},"modified":"2021-10-21T08:50:15","modified_gmt":"2021-10-21T11:50:15","slug":"rodrigo-muller-reclamo-al-ministerio-de-seguridad-por-el-estado-de-los-moviles-policiales","status":"publish","type":"post","link":"https:\/\/www.almargenweb.com.ar\/web\/rodrigo-muller-reclamo-al-ministerio-de-seguridad-por-el-estado-de-los-moviles-policiales\/","title":{"rendered":"Rodrigo M\u00fcller reclam\u00f3 al Ministerio de Seguridad por el estado de los m\u00f3viles policiales"},"content":{"rendered":"\n<p>El concejal radical, Rodrigo M\u00fcller, present\u00f3 un reclamo ante el Ministerio de Seguridad de la provincia para que se arreglen los m\u00f3viles policiales del comando radioel\u00e9ctrico de Esperanza que se encuentran fuera de servicio.<\/p>\n\n\n\n<p>Adem\u00e1s, en la oportunidad el edil tambi\u00e9n inici\u00f3 otro expediente de reclamo para que se coloque una casilla de la Polic\u00eda Vial en la zona urbana de Colonia Pujol.<\/p>\n\n\n\n<p>Al respecto, M\u00fcller expres\u00f3 que \u201ces fundamental fortalecer el accionar policial en la ciudad con mayor presencia de agentes en las calles y para eso es indispensable que el comando radioel\u00e9ctrico cuente con toda su flota de veh\u00edculos en un estado \u00f3ptimo para patrullar\u201d.<\/p>\n\n\n\n<p>En ese sentido, el concejal record\u00f3 que \u201cen otras localidades, como Rafaela y Villa Constituci\u00f3n, se han realizado convenios mediante los cuales la provincia transfiere los fondos a los municipios que, luego, se hacen cargo del arreglo de los m\u00f3viles. Lo que estoy pidiendo es que Esperanza tenga el mismo trato que esas localidades y podamos actuar con celeridad para solucionar el problema\u201d.<\/p>\n\n\n\n<p>\u201cLa problem\u00e1tica de la seguridad supera ampliamente las pertenencias partidarias y estoy convencido que las soluciones van a surgir de la voluntad de todos los actores y niveles del Estado. Yo estoy abierto y comprometido para dialogar y lograr resultados en favor de los vecinos y vecinas de Esperanza\u201d, ratific\u00f3 M\u00fcller.<\/p>\n\n\n\n<p>CASILLA DE POLIC\u00cdA VIAL EN COLONIA PUJOL<br>Sobre el pedido de colocaci\u00f3n de la casilla de la Polic\u00eda Vial en Colonia Pujol, M\u00fcller explic\u00f3 que se debe \u201ca los \u00faltimos hechos acaecidos en la zona rural de Esperanza y la preocupaci\u00f3n de los vecinos de Colonia Pujol\u201d y record\u00f3 que el pedido tambi\u00e9n fue presentado ante el ejecutivo municipal.<\/p>\n\n\n\n<p>\u201cEvidentemente la falta de personal policial en muchas dependencias repercute y la instalaci\u00f3n de la casilla ser\u00eda una de las alternativas frente a la ausencia en la zona de un destacamento policial o de la Guardia Rural Los Pumas\u201d, finaliz\u00f3 el concejal.<\/p>\n<!-- AddThis Advanced Settings generic via filter on the_content --><!-- AddThis Share Buttons generic via filter on the_content -->","protected":false},"excerpt":{"rendered":"<p>El concejal radical, Rodrigo M\u00fcller, present\u00f3 un reclamo ante el Ministerio de Seguridad de la provincia [&hellip;]<!-- AddThis Advanced Settings generic via filter on get_the_excerpt --><!-- AddThis Share Buttons generic via filter on get_the_excerpt --><\/p>\n","protected":false},"author":16,"featured_media":36030,"comment_status":"open","ping_status":"open","sticky":false,"template":"","format":"standard","meta":{"_seopress_robots_primary_cat":"none","_seopress_titles_title":"","_seopress_titles_desc":"","_seopress_robots_index":"","_themeisle_gutenberg_block_has_review":false,"footnotes":""},"categories":[2,20,21,47,9,29],"tags":[],"class_list":["post-36028","post","type-post","status-publish","format-standard","has-post-thumbnail","hentry","category-actualidad","category-departamentales","category-las-colonias","category-locales","category-politica","category-regionales"],"_links":{"self":[{"href":"https:\/\/www.almargenweb.com.ar\/web\/wp-json\/wp\/v2\/posts\/36028","targetHints":{"allow":["GET"]}}],"collection":[{"href":"https:\/\/www.almargenweb.com.ar\/web\/wp-json\/wp\/v2\/posts"}],"about":[{"href":"https:\/\/www.almargenweb.com.ar\/web\/wp-json\/wp\/v2\/types\/post"}],"author":[{"embeddable":true,"href":"https:\/\/www.almargenweb.com.ar\/web\/wp-json\/wp\/v2\/users\/16"}],"replies":[{"embeddable":true,"href":"https:\/\/www.almargenweb.com.ar\/web\/wp-json\/wp\/v2\/comments?post=36028"}],"version-history":[{"count":1,"href":"https:\/\/www.almargenweb.com.ar\/web\/wp-json\/wp\/v2\/posts\/36028\/revisions"}],"predecessor-version":[{"id":36031,"href":"https:\/\/www.almargenweb.com.ar\/web\/wp-json\/wp\/v2\/posts\/36028\/revisions\/36031"}],"wp:featuredmedia":[{"embeddable":true,"href":"https:\/\/www.almargenweb.com.ar\/web\/wp-json\/wp\/v2\/media\/36030"}],"wp:attachment":[{"href":"https:\/\/www.almargenweb.com.ar\/web\/wp-json\/wp\/v2\/media?parent=36028"}],"wp:term":[{"taxonomy":"category","embeddable":true,"href":"https:\/\/www.almargenweb.com.ar\/web\/wp-json\/wp\/v2\/categories?post=36028"},{"taxonomy":"post_tag","embeddable":true,"href":"https:\/\/www.almargenweb.com.ar\/web\/wp-json\/wp\/v2\/tags?post=36028"}],"curies":[{"name":"wp","href":"https:\/\/api.w.org\/{rel}","templated":true}]}}