{"id":36011,"date":"2021-10-19T11:29:38","date_gmt":"2021-10-19T14:29:38","guid":{"rendered":"http:\/\/www.almargenweb.com.ar\/web\/?p=36011"},"modified":"2021-10-19T11:29:38","modified_gmt":"2021-10-19T14:29:38","slug":"dia-internacional-de-la-lucha-contra-el-cancer-de-mama-aumentaron-los-casos-antes-de-los-40-anos","status":"publish","type":"post","link":"https:\/\/www.almargenweb.com.ar\/web\/dia-internacional-de-la-lucha-contra-el-cancer-de-mama-aumentaron-los-casos-antes-de-los-40-anos\/","title":{"rendered":"D\u00eda Internacional de la Lucha contra el C\u00e1ncer de Mama: aumentaron los casos antes de los 40 a\u00f1os"},"content":{"rendered":"\n<p>El 19 de octubre se conmemora el D\u00eda Internacional de la Lucha contra el C\u00e1ncer de Mama, declarado por la Organizacion Mundial de la Salud, es una fecha destinada a concientizar sobre la importancia de la prevenci\u00f3n y el tratamiento de esta enfermedad.<\/p>\n\n\n\n<p>Un rasgo sobresaliente es el aumento sostenido en los \u00edndices de supervivencia que alcanzan el 95% cuando es diagnosticado en sus estadios iniciales.<\/p>\n\n\n\n<p>Otros de los puntos positivos son la mayor indicaci\u00f3n de tratamientos menos invasivos y de cirug\u00edas conservadoras que tienen un menor impacto para la mujer.<\/p>\n\n\n\n<p>Segun datos de la Organizaci\u00f3n Mundial de la Salud (OMS), a fines del milenio pasado el c\u00e1ncer de mama en mujeres menores de 40 a\u00f1os representaba menos del 3%. Hoy, seg\u00fan datos de la SAM, el 10% de las mujeres diagnosticadas no alcanz\u00f3 los 40 a\u00f1os y entre el 25% y el 30% del total son premenop\u00e1usicas.<\/p>\n\n\n\n<p>En las mujeres m\u00e1s j\u00f3venes el hallazgo del c\u00e1ncer de mama suele darse en estadios m\u00e1s avanzados, lo que implica tumores m\u00e1s grandes y con ganglios comprometidos.<\/p>\n\n\n\n<p>Adem\u00e1s, existe en este rango una mayor predisposici\u00f3n a presentar mutaciones gen\u00e9ticas y tumores biol\u00f3gicamente m\u00e1s agresivos.<\/p>\n\n\n\n<figure class=\"wp-block-image size-full\"><img loading=\"lazy\" decoding=\"async\" width=\"992\" height=\"661\" src=\"https:\/\/www.almargenweb.com.ar\/web\/wp-content\/uploads\/2021\/10\/P47V44SSRFH73KKALRN64U5I4A-1.jpg\" alt=\"\" class=\"wp-image-36014\" srcset=\"https:\/\/www.almargenweb.com.ar\/web\/wp-content\/uploads\/2021\/10\/P47V44SSRFH73KKALRN64U5I4A-1.jpg 992w, https:\/\/www.almargenweb.com.ar\/web\/wp-content\/uploads\/2021\/10\/P47V44SSRFH73KKALRN64U5I4A-1-300x200.jpg 300w, https:\/\/www.almargenweb.com.ar\/web\/wp-content\/uploads\/2021\/10\/P47V44SSRFH73KKALRN64U5I4A-1-768x512.jpg 768w\" sizes=\"auto, (max-width: 992px) 100vw, 992px\" \/><figcaption>El diagn\u00f3stico precoz es la mejor estrategia contra el c\u00e1ncer de mama<\/figcaption><\/figure>\n\n\n\n<p>Sobre las razones del aumento del c\u00e1ncer de mama en las mujeres j\u00f3venes, las respuestas son variadas. La primera menstruaci\u00f3n a una edad temprana, no haber cursado un embarazo o haber tenido un primer embarazo despu\u00e9s de los 30 a\u00f1os tienen su peso.<\/p>\n\n\n\n<p>A esto se suma la incidencia, aunque en un bajo porcentaje, de la ingesta de anticonceptivos orales.<\/p>\n\n\n\n<p>El diagn\u00f3stico precoz es la mejor estrategia contra el c\u00e1ncer de mama. A partir de los 40 a\u00f1os todas las mujeres deben realizar una mamograf\u00eda anual.<\/p>\n\n\n\n<p><strong>En qu\u00e9 casos es preciso consultar a un m\u00e9dico<\/strong><\/p>\n\n\n\n<p>Conocer las singularidades de las mamas y ante cualquier cambio como aparici\u00f3n de un n\u00f3dulo, distinta coloraci\u00f3n o tama\u00f1o, engrosamiento de la piel, retracci\u00f3n o secreci\u00f3n del pez\u00f3n, consultar r\u00e1pidamente con el especialista.<\/p>\n\n\n\n<figure class=\"wp-block-image size-full is-resized\"><img loading=\"lazy\" decoding=\"async\" src=\"https:\/\/www.almargenweb.com.ar\/web\/wp-content\/uploads\/2021\/10\/17084.jpg\" alt=\"\" class=\"wp-image-36015\" width=\"839\" height=\"671\" srcset=\"https:\/\/www.almargenweb.com.ar\/web\/wp-content\/uploads\/2021\/10\/17084.jpg 400w, https:\/\/www.almargenweb.com.ar\/web\/wp-content\/uploads\/2021\/10\/17084-300x240.jpg 300w\" sizes=\"auto, (max-width: 839px) 100vw, 839px\" \/><figcaption>Conocer las singularidades de las mamas es fundamental para detectar anormalidades<\/figcaption><\/figure>\n<!-- AddThis Advanced Settings generic via filter on the_content --><!-- AddThis Share Buttons generic via filter on the_content -->","protected":false},"excerpt":{"rendered":"<p>El 19 de octubre se conmemora el D\u00eda Internacional de la Lucha contra el C\u00e1ncer de [&hellip;]<!-- AddThis Advanced Settings generic via filter on get_the_excerpt --><!-- AddThis Share Buttons generic via filter on get_the_excerpt --><\/p>\n","protected":false},"author":16,"featured_media":36016,"comment_status":"open","ping_status":"open","sticky":false,"template":"","format":"standard","meta":{"_seopress_robots_primary_cat":"none","_seopress_titles_title":"","_seopress_titles_desc":"","_seopress_robots_index":"","_themeisle_gutenberg_block_has_review":false,"footnotes":""},"categories":[2,19,15],"tags":[],"class_list":["post-36011","post","type-post","status-publish","format-standard","has-post-thumbnail","hentry","category-actualidad","category-educacion","category-salud"],"_links":{"self":[{"href":"https:\/\/www.almargenweb.com.ar\/web\/wp-json\/wp\/v2\/posts\/36011","targetHints":{"allow":["GET"]}}],"collection":[{"href":"https:\/\/www.almargenweb.com.ar\/web\/wp-json\/wp\/v2\/posts"}],"about":[{"href":"https:\/\/www.almargenweb.com.ar\/web\/wp-json\/wp\/v2\/types\/post"}],"author":[{"embeddable":true,"href":"https:\/\/www.almargenweb.com.ar\/web\/wp-json\/wp\/v2\/users\/16"}],"replies":[{"embeddable":true,"href":"https:\/\/www.almargenweb.com.ar\/web\/wp-json\/wp\/v2\/comments?post=36011"}],"version-history":[{"count":1,"href":"https:\/\/www.almargenweb.com.ar\/web\/wp-json\/wp\/v2\/posts\/36011\/revisions"}],"predecessor-version":[{"id":36017,"href":"https:\/\/www.almargenweb.com.ar\/web\/wp-json\/wp\/v2\/posts\/36011\/revisions\/36017"}],"wp:featuredmedia":[{"embeddable":true,"href":"https:\/\/www.almargenweb.com.ar\/web\/wp-json\/wp\/v2\/media\/36016"}],"wp:attachment":[{"href":"https:\/\/www.almargenweb.com.ar\/web\/wp-json\/wp\/v2\/media?parent=36011"}],"wp:term":[{"taxonomy":"category","embeddable":true,"href":"https:\/\/www.almargenweb.com.ar\/web\/wp-json\/wp\/v2\/categories?post=36011"},{"taxonomy":"post_tag","embeddable":true,"href":"https:\/\/www.almargenweb.com.ar\/web\/wp-json\/wp\/v2\/tags?post=36011"}],"curies":[{"name":"wp","href":"https:\/\/api.w.org\/{rel}","templated":true}]}}