{"id":35984,"date":"2021-10-17T10:08:56","date_gmt":"2021-10-17T13:08:56","guid":{"rendered":"http:\/\/www.almargenweb.com.ar\/web\/?p=35984"},"modified":"2021-10-17T11:20:51","modified_gmt":"2021-10-17T14:20:51","slug":"florencia-primo-mi-desempeno-en-la-funcion-publica-esta-definido-por-la-pasion-que-senti-desde-el-primer-momento-que-fui-parte-de-san-carlos-sur","status":"publish","type":"post","link":"https:\/\/www.almargenweb.com.ar\/web\/florencia-primo-mi-desempeno-en-la-funcion-publica-esta-definido-por-la-pasion-que-senti-desde-el-primer-momento-que-fui-parte-de-san-carlos-sur\/","title":{"rendered":"Florencia Primo, \u201cMi desempe\u00f1o en la funci\u00f3n p\u00fablica, est\u00e1 definido por la pasi\u00f3n que sent\u00ed desde el primer momento que fui parte de San Carlos Sur&#8221;"},"content":{"rendered":"\n<p>Florencia Primo es mama, esposa y abogada, y tambi\u00e9n, candidata a la presidencia comunal de San Carlos Sud, por el Frente Progresista. <br>Comenz\u00f3 a trabajar junto al por entonces, intendente m\u00e1s joven de esa localidad, Mauricio Colombo y continu\u00f3 junto al actual equipo liderado por Santiago Walker.<\/p>\n\n\n\n<p><br>Apasionada por la gesti\u00f3n p\u00fablica, Florencia est\u00e1 convencida que \u201cdesde el espacio que conformamos, podemos brindar respuestas a las necesidades de nuestra comunidad\u201d .<\/p>\n\n\n\n<p><br>En este sentido, la abogada se refiri\u00f3 a la creaci\u00f3n de una escuela secundaria \u201cque se viene gestionando de hace muchos a\u00f1os\u201d.<\/p>\n\n\n\n<p><br>Gestiones que incluyen charlas con la ministra de educaci\u00f3n, partida presupuestaria aceptada, disponibilidad del terreno y la matr\u00edcula de alumnos segura. \u201cEsta escuela permitir\u00eda, en la regi\u00f3n, aliviar la matr\u00edcula de alumnos de nivel medio\u201d.<\/p>\n\n\n\n<p><br>En materia educativa; Primo explic\u00f3 que el edificio del Sindicato de Obreros Cerveceros fue obtenido mediante un contrato de comodato por gestiones del actual jefe comunal, Santiago Walker, y ser\u00e1 destinado a proyectos sociales y educativos.<\/p>\n\n\n\n<figure class=\"wp-block-image size-full\"><img loading=\"lazy\" decoding=\"async\" width=\"1024\" height=\"680\" src=\"https:\/\/www.almargenweb.com.ar\/web\/wp-content\/uploads\/2021\/10\/389333_scs_abre.jpg\" alt=\"\" class=\"wp-image-35987\" srcset=\"https:\/\/www.almargenweb.com.ar\/web\/wp-content\/uploads\/2021\/10\/389333_scs_abre.jpg 1024w, https:\/\/www.almargenweb.com.ar\/web\/wp-content\/uploads\/2021\/10\/389333_scs_abre-300x199.jpg 300w, https:\/\/www.almargenweb.com.ar\/web\/wp-content\/uploads\/2021\/10\/389333_scs_abre-768x510.jpg 768w\" sizes=\"auto, (max-width: 1024px) 100vw, 1024px\" \/><figcaption>Florencia Primo junto al Presidente Comunal, Santiago Walker, durante la firma del contrato en comodato, en el sal\u00f3n del Sindicato de Obreros Cerveceros. <\/figcaption><\/figure>\n\n\n\n<p><br>Luego de las pr\u00f3ximas elecciones, por primera vez en la historia del pueblo, una mujer ser\u00e1 la presidenta comunal de San Carlos Sur. En gesti\u00f3n p\u00fablica, por desgracia como en cualquier sector, una mujer tiene que hacer mucho m\u00e1s para demostrar su capacidad.<\/p>\n\n\n\n<p> \u201cMi desempe\u00f1o, el compromiso, responsabilidad y el respeto con el cual asumo este lugar, est\u00e1 definido por la pasi\u00f3n que sent\u00ed desde el primer momento que fui parte de San Carlos Sur, lugar que eleg\u00ed para vivir, formar mi familia y criar a mi hija\u201d, finalizo la candidata.<\/p>\n<!-- AddThis Advanced Settings generic via filter on the_content --><!-- AddThis Share Buttons generic via filter on the_content -->","protected":false},"excerpt":{"rendered":"<p>Florencia Primo es mama, esposa y abogada, y tambi\u00e9n, candidata a la presidencia comunal de San [&hellip;]<!-- AddThis Advanced Settings generic via filter on get_the_excerpt --><!-- AddThis Share Buttons generic via filter on get_the_excerpt --><\/p>\n","protected":false},"author":16,"featured_media":35988,"comment_status":"open","ping_status":"open","sticky":false,"template":"","format":"standard","meta":{"_seopress_robots_primary_cat":"none","_seopress_titles_title":"","_seopress_titles_desc":"","_seopress_robots_index":"","_themeisle_gutenberg_block_has_review":false,"footnotes":""},"categories":[2,164,19,21,24,9,29],"tags":[],"class_list":["post-35984","post","type-post","status-publish","format-standard","has-post-thumbnail","hentry","category-actualidad","category-ambiente","category-educacion","category-las-colonias","category-obras-publicas","category-politica","category-regionales"],"_links":{"self":[{"href":"https:\/\/www.almargenweb.com.ar\/web\/wp-json\/wp\/v2\/posts\/35984","targetHints":{"allow":["GET"]}}],"collection":[{"href":"https:\/\/www.almargenweb.com.ar\/web\/wp-json\/wp\/v2\/posts"}],"about":[{"href":"https:\/\/www.almargenweb.com.ar\/web\/wp-json\/wp\/v2\/types\/post"}],"author":[{"embeddable":true,"href":"https:\/\/www.almargenweb.com.ar\/web\/wp-json\/wp\/v2\/users\/16"}],"replies":[{"embeddable":true,"href":"https:\/\/www.almargenweb.com.ar\/web\/wp-json\/wp\/v2\/comments?post=35984"}],"version-history":[{"count":2,"href":"https:\/\/www.almargenweb.com.ar\/web\/wp-json\/wp\/v2\/posts\/35984\/revisions"}],"predecessor-version":[{"id":35991,"href":"https:\/\/www.almargenweb.com.ar\/web\/wp-json\/wp\/v2\/posts\/35984\/revisions\/35991"}],"wp:featuredmedia":[{"embeddable":true,"href":"https:\/\/www.almargenweb.com.ar\/web\/wp-json\/wp\/v2\/media\/35988"}],"wp:attachment":[{"href":"https:\/\/www.almargenweb.com.ar\/web\/wp-json\/wp\/v2\/media?parent=35984"}],"wp:term":[{"taxonomy":"category","embeddable":true,"href":"https:\/\/www.almargenweb.com.ar\/web\/wp-json\/wp\/v2\/categories?post=35984"},{"taxonomy":"post_tag","embeddable":true,"href":"https:\/\/www.almargenweb.com.ar\/web\/wp-json\/wp\/v2\/tags?post=35984"}],"curies":[{"name":"wp","href":"https:\/\/api.w.org\/{rel}","templated":true}]}}