{"id":35961,"date":"2021-10-13T07:12:50","date_gmt":"2021-10-13T10:12:50","guid":{"rendered":"http:\/\/www.almargenweb.com.ar\/web\/?p=35961"},"modified":"2021-10-13T07:12:51","modified_gmt":"2021-10-13T10:12:51","slug":"senn-presento-un-proyecto-para-impulsar-inversiones-en-el-sector-productivo","status":"publish","type":"post","link":"https:\/\/www.almargenweb.com.ar\/web\/senn-presento-un-proyecto-para-impulsar-inversiones-en-el-sector-productivo\/","title":{"rendered":"Senn present\u00f3 un proyecto para impulsar inversiones en el sector productivo"},"content":{"rendered":"\n<h2 class=\"wp-block-heading\">Solicit\u00f3 la creaci\u00f3n de un R\u00e9gimen de Promoci\u00f3n de Inversiones para los sectores agropecuarios, agroindustrial, industrial, tur\u00edstico, servicios, recreaci\u00f3n y esparcimiento. \u201cNecesitamos aumentar los niveles de inversi\u00f3n para favorecer el crecimiento de la provincia\u201d, dijo la diputada radical.<\/h2>\n\n\n\n<p>La diputada provincial, Jimena Senn, present\u00f3 un proyecto para crear el R\u00e9gimen de Promoci\u00f3n de Inversiones para nuevos emprendimientos y para ampliaci\u00f3n de los existentes en los sectores agropecuarios, agroindustrial, industrial, tur\u00edstico, servicios, recreaci\u00f3n y esparcimiento de la provincia.<\/p>\n\n\n\n<p>Al respecto, Senn explic\u00f3 que \u201cel contexto actual de crisis requiere medidas activas que permitan reducir los efectos negativos que persisten sobre la econom\u00eda, entre los que se destaca el cierre de m\u00faltiples pymes y el estado de situaci\u00f3n apremiante de tantas otras, sin distinci\u00f3n del sector al cual pertenezcan\u201d.<\/p>\n\n\n\n<p>\u201cA esta situaci\u00f3n se suman las altas tasas de inter\u00e9s, que hacen pr\u00e1cticamente inaccesible el cr\u00e9dito, atentando nuevamente contra el desarrollo productivo y la inversi\u00f3n\u201d, a\u00f1adi\u00f3 la diputada para luego completar explicando que \u201cresulta necesario aumentar sustancialmente los niveles de inversi\u00f3n, a los fines de favorecer el crecimiento de nuestra provincia, recuperando el inter\u00e9s de los actores econ\u00f3micos en apostar por la misma\u201d.<\/p>\n\n\n\n<p>En ese sentido, Senn remarc\u00f3 que \u201cel apoyo del Estado a la inversi\u00f3n privada permite estimular la demanda ya que si las empresas desean comprar m\u00e1s m\u00e1quinas, tendr\u00e1n que encargar la producci\u00f3n a otras empresas y estas necesitar\u00e1n trabajadores y otros servicios de nuevas empresas. Este movimiento contribuye al crecimiento econ\u00f3mico y al desarrollo a corto y largo plazo\u201d.<\/p>\n\n\n\n<p>Por \u00faltimo, Senn valor\u00f3 que \u201cel proyecto contribuir\u00e1 a la generaci\u00f3n de nuevos puestos de trabajo en todos los sectores de la econom\u00eda, con el consecuente desarrollo de nuestras comunidades y pueblos\u201d.<\/p>\n\n\n\n<p>La iniciativa de la diputada radical propone incentivos a la inversi\u00f3n durante un periodo de cinco a\u00f1os (con posibilidad de extensi\u00f3n por dos a\u00f1os) y, adem\u00e1s, un marco jur\u00eddico para brindar mayor estabilidad y posicionar a Santa Fe en el mapa nacional como receptor de inversiones.<\/p>\n<!-- AddThis Advanced Settings generic via filter on the_content --><!-- AddThis Share Buttons generic via filter on the_content -->","protected":false},"excerpt":{"rendered":"<p>Solicit\u00f3 la creaci\u00f3n de un R\u00e9gimen de Promoci\u00f3n de Inversiones para los sectores agropecuarios, agroindustrial, industrial, [&hellip;]<!-- AddThis Advanced Settings generic via filter on get_the_excerpt --><!-- AddThis Share Buttons generic via filter on get_the_excerpt --><\/p>\n","protected":false},"author":16,"featured_media":35963,"comment_status":"open","ping_status":"open","sticky":false,"template":"","format":"standard","meta":{"_seopress_robots_primary_cat":"none","_seopress_titles_title":"","_seopress_titles_desc":"","_seopress_robots_index":"","_themeisle_gutenberg_block_has_review":false,"footnotes":""},"categories":[2,164,5,21,286,47,9],"tags":[],"class_list":["post-35961","post","type-post","status-publish","format-standard","has-post-thumbnail","hentry","category-actualidad","category-ambiente","category-economia","category-las-colonias","category-legislatura","category-locales","category-politica"],"_links":{"self":[{"href":"https:\/\/www.almargenweb.com.ar\/web\/wp-json\/wp\/v2\/posts\/35961","targetHints":{"allow":["GET"]}}],"collection":[{"href":"https:\/\/www.almargenweb.com.ar\/web\/wp-json\/wp\/v2\/posts"}],"about":[{"href":"https:\/\/www.almargenweb.com.ar\/web\/wp-json\/wp\/v2\/types\/post"}],"author":[{"embeddable":true,"href":"https:\/\/www.almargenweb.com.ar\/web\/wp-json\/wp\/v2\/users\/16"}],"replies":[{"embeddable":true,"href":"https:\/\/www.almargenweb.com.ar\/web\/wp-json\/wp\/v2\/comments?post=35961"}],"version-history":[{"count":1,"href":"https:\/\/www.almargenweb.com.ar\/web\/wp-json\/wp\/v2\/posts\/35961\/revisions"}],"predecessor-version":[{"id":35964,"href":"https:\/\/www.almargenweb.com.ar\/web\/wp-json\/wp\/v2\/posts\/35961\/revisions\/35964"}],"wp:featuredmedia":[{"embeddable":true,"href":"https:\/\/www.almargenweb.com.ar\/web\/wp-json\/wp\/v2\/media\/35963"}],"wp:attachment":[{"href":"https:\/\/www.almargenweb.com.ar\/web\/wp-json\/wp\/v2\/media?parent=35961"}],"wp:term":[{"taxonomy":"category","embeddable":true,"href":"https:\/\/www.almargenweb.com.ar\/web\/wp-json\/wp\/v2\/categories?post=35961"},{"taxonomy":"post_tag","embeddable":true,"href":"https:\/\/www.almargenweb.com.ar\/web\/wp-json\/wp\/v2\/tags?post=35961"}],"curies":[{"name":"wp","href":"https:\/\/api.w.org\/{rel}","templated":true}]}}