{"id":35869,"date":"2021-09-27T10:07:16","date_gmt":"2021-09-27T13:07:16","guid":{"rendered":"http:\/\/www.almargenweb.com.ar\/web\/?p=35869"},"modified":"2021-09-27T10:07:17","modified_gmt":"2021-09-27T13:07:17","slug":"controles-acuerdo-por-la-carne-y-la-nueva-etapa-de-precios-cuidados-como-sigue-la-estrategia-oficial-para-contener-la-inflacion","status":"publish","type":"post","link":"https:\/\/www.almargenweb.com.ar\/web\/controles-acuerdo-por-la-carne-y-la-nueva-etapa-de-precios-cuidados-como-sigue-la-estrategia-oficial-para-contener-la-inflacion\/","title":{"rendered":"Controles, acuerdo por la carne y la nueva etapa de Precios Cuidados: c\u00f3mo sigue la estrategia oficial para contener la inflaci\u00f3n"},"content":{"rendered":"\n<p>El Gobierno buscar\u00e1 mejorar el humor social y revertir la derrota de las elecciones primarias, parte de los funcionarios nacionales se concentrar\u00e1n esta semana en definir dos aspectos que consideran clave para contener la inflaci\u00f3n hacia las legislativas del 14 noviembre.<\/p>\n\n\n\n<p>En esa l\u00ednea, la secretaria de Comercio Interior, recibir\u00e1 a los supermercadistas y principales alimentarias. El objetivo es mantener a raya los precios, sobre todo en momentos en que se espera una inyecci\u00f3n fiscal para apuntalar el consumo.<\/p>\n\n\n\n<p>La idea tambi\u00e9n, es comenzar a definir la pr\u00f3xima etapa de Precios Cuidados, que se inicia en los primeros d\u00edas de octubre y regir\u00e1 hasta principios de 2022.<\/p>\n\n\n\n<p>Mientras siguen las conversaciones para \u201ctranquilizar\u201d el mercado de la carne, aun sin anuncios por parte de la Mesa de Enlace<\/p>\n<!-- AddThis Advanced Settings generic via filter on the_content --><!-- AddThis Share Buttons generic via filter on the_content -->","protected":false},"excerpt":{"rendered":"<p>El Gobierno buscar\u00e1 mejorar el humor social y revertir la derrota de las elecciones primarias, parte [&hellip;]<!-- AddThis Advanced Settings generic via filter on get_the_excerpt --><!-- AddThis Share Buttons generic via filter on get_the_excerpt --><\/p>\n","protected":false},"author":16,"featured_media":35871,"comment_status":"open","ping_status":"open","sticky":false,"template":"","format":"standard","meta":{"_seopress_robots_primary_cat":"none","_seopress_titles_title":"","_seopress_titles_desc":"","_seopress_robots_index":"","_themeisle_gutenberg_block_has_review":false,"footnotes":""},"categories":[2,5,140,9,15],"tags":[],"class_list":["post-35869","post","type-post","status-publish","format-standard","has-post-thumbnail","hentry","category-actualidad","category-economia","category-nacionales","category-politica","category-salud"],"_links":{"self":[{"href":"https:\/\/www.almargenweb.com.ar\/web\/wp-json\/wp\/v2\/posts\/35869","targetHints":{"allow":["GET"]}}],"collection":[{"href":"https:\/\/www.almargenweb.com.ar\/web\/wp-json\/wp\/v2\/posts"}],"about":[{"href":"https:\/\/www.almargenweb.com.ar\/web\/wp-json\/wp\/v2\/types\/post"}],"author":[{"embeddable":true,"href":"https:\/\/www.almargenweb.com.ar\/web\/wp-json\/wp\/v2\/users\/16"}],"replies":[{"embeddable":true,"href":"https:\/\/www.almargenweb.com.ar\/web\/wp-json\/wp\/v2\/comments?post=35869"}],"version-history":[{"count":1,"href":"https:\/\/www.almargenweb.com.ar\/web\/wp-json\/wp\/v2\/posts\/35869\/revisions"}],"predecessor-version":[{"id":35872,"href":"https:\/\/www.almargenweb.com.ar\/web\/wp-json\/wp\/v2\/posts\/35869\/revisions\/35872"}],"wp:featuredmedia":[{"embeddable":true,"href":"https:\/\/www.almargenweb.com.ar\/web\/wp-json\/wp\/v2\/media\/35871"}],"wp:attachment":[{"href":"https:\/\/www.almargenweb.com.ar\/web\/wp-json\/wp\/v2\/media?parent=35869"}],"wp:term":[{"taxonomy":"category","embeddable":true,"href":"https:\/\/www.almargenweb.com.ar\/web\/wp-json\/wp\/v2\/categories?post=35869"},{"taxonomy":"post_tag","embeddable":true,"href":"https:\/\/www.almargenweb.com.ar\/web\/wp-json\/wp\/v2\/tags?post=35869"}],"curies":[{"name":"wp","href":"https:\/\/api.w.org\/{rel}","templated":true}]}}