{"id":35824,"date":"2021-09-21T11:48:13","date_gmt":"2021-09-21T14:48:13","guid":{"rendered":"http:\/\/www.almargenweb.com.ar\/web\/?p=35824"},"modified":"2021-09-21T11:48:14","modified_gmt":"2021-09-21T14:48:14","slug":"dia-de-la-primavera-los-jovenes-se-preparan-para-festejar-con-menos-restricciones","status":"publish","type":"post","link":"https:\/\/www.almargenweb.com.ar\/web\/dia-de-la-primavera-los-jovenes-se-preparan-para-festejar-con-menos-restricciones\/","title":{"rendered":"D\u00eda de la Primavera: los j\u00f3venes se preparan para festejar con menos restricciones"},"content":{"rendered":"\n<p>La primavera es la estaci\u00f3n del a\u00f1o que se caracteriza por el aumento de la temperatura y el rebrote de toda la flora. Comienza un nuevo clima y con ello un esp\u00edritu festivo y vital resurge en el \u00e1nimo de las sociedades que lo experimentan.<\/p>\n\n\n\n<p> La ministra de Salud, Carla Vizzotti, anunci\u00f3 que desde este martes se \u201clevanta la obligatoriedad de usar tapabocas al aire libre, circulando y sin personas alrededor\u201d, y se habilitan reuniones al aire libre sin tope m\u00e1ximo de personas.<\/p>\n\n\n\n<p>Debido al descenso en la cantidad de infectados por coronavirus y al avance del Plan Nacional de Vacunaci\u00f3n, los festejos del D\u00eda de la Primavera ser\u00e1n muy distintos al a\u00f1o pasado.<\/p>\n\n\n\n<p>Jorge Eduardo Catelli, psicoanalista miembro titular en Funci\u00f3n Did\u00e1ctica de la Asociaci\u00f3n Psicoanal\u00edtica Argentina (APA), tambi\u00e9n valor\u00f3 el impacto de la pandemia y la &#8220;no presencialidad&#8221; en la vida adolescente, y consider\u00f3 que &#8220;ha sido m\u00faltiple&#8221;.<\/p>\n\n\n\n<p>En este sentido, Catelli se\u00f1al\u00f3 que en algunos j\u00f3venes se present\u00f3 sensaci\u00f3n de p\u00e9rdida y que &#8220;tuvieron que llevar adelante un trabajo de duelo o bien para aplazar la posibilidad de hacerlo o para tolerar su p\u00e9rdida definitiva&#8221;.<\/p>\n\n\n\n<p>Para quienes quieran hacer un festejo nocturno, tambi\u00e9n se ampli\u00f3 el horario para la gastronom\u00eda y la nocturnidad en general hasta las 3 de la ma\u00f1ana.<\/p>\n<!-- AddThis Advanced Settings generic via filter on the_content --><!-- AddThis Share Buttons generic via filter on the_content -->","protected":false},"excerpt":{"rendered":"<p>La primavera es la estaci\u00f3n del a\u00f1o que se caracteriza por el aumento de la temperatura [&hellip;]<!-- AddThis Advanced Settings generic via filter on get_the_excerpt --><!-- AddThis Share Buttons generic via filter on get_the_excerpt --><\/p>\n","protected":false},"author":16,"featured_media":35826,"comment_status":"open","ping_status":"open","sticky":false,"template":"","format":"standard","meta":{"_seopress_robots_primary_cat":"none","_seopress_titles_title":"","_seopress_titles_desc":"","_seopress_robots_index":"","_themeisle_gutenberg_block_has_review":false,"footnotes":""},"categories":[2,164,19,21,47,9,29,15],"tags":[],"class_list":["post-35824","post","type-post","status-publish","format-standard","has-post-thumbnail","hentry","category-actualidad","category-ambiente","category-educacion","category-las-colonias","category-locales","category-politica","category-regionales","category-salud"],"_links":{"self":[{"href":"https:\/\/www.almargenweb.com.ar\/web\/wp-json\/wp\/v2\/posts\/35824","targetHints":{"allow":["GET"]}}],"collection":[{"href":"https:\/\/www.almargenweb.com.ar\/web\/wp-json\/wp\/v2\/posts"}],"about":[{"href":"https:\/\/www.almargenweb.com.ar\/web\/wp-json\/wp\/v2\/types\/post"}],"author":[{"embeddable":true,"href":"https:\/\/www.almargenweb.com.ar\/web\/wp-json\/wp\/v2\/users\/16"}],"replies":[{"embeddable":true,"href":"https:\/\/www.almargenweb.com.ar\/web\/wp-json\/wp\/v2\/comments?post=35824"}],"version-history":[{"count":1,"href":"https:\/\/www.almargenweb.com.ar\/web\/wp-json\/wp\/v2\/posts\/35824\/revisions"}],"predecessor-version":[{"id":35827,"href":"https:\/\/www.almargenweb.com.ar\/web\/wp-json\/wp\/v2\/posts\/35824\/revisions\/35827"}],"wp:featuredmedia":[{"embeddable":true,"href":"https:\/\/www.almargenweb.com.ar\/web\/wp-json\/wp\/v2\/media\/35826"}],"wp:attachment":[{"href":"https:\/\/www.almargenweb.com.ar\/web\/wp-json\/wp\/v2\/media?parent=35824"}],"wp:term":[{"taxonomy":"category","embeddable":true,"href":"https:\/\/www.almargenweb.com.ar\/web\/wp-json\/wp\/v2\/categories?post=35824"},{"taxonomy":"post_tag","embeddable":true,"href":"https:\/\/www.almargenweb.com.ar\/web\/wp-json\/wp\/v2\/tags?post=35824"}],"curies":[{"name":"wp","href":"https:\/\/api.w.org\/{rel}","templated":true}]}}