{"id":35806,"date":"2021-09-17T09:39:16","date_gmt":"2021-09-17T12:39:16","guid":{"rendered":"http:\/\/www.almargenweb.com.ar\/web\/?p=35806"},"modified":"2021-09-17T09:39:17","modified_gmt":"2021-09-17T12:39:17","slug":"franck-continua-con-su-plan-de-forestacion-en-las-calles-de-acceso-a-la-vecina-localidad","status":"publish","type":"post","link":"https:\/\/www.almargenweb.com.ar\/web\/franck-continua-con-su-plan-de-forestacion-en-las-calles-de-acceso-a-la-vecina-localidad\/","title":{"rendered":"Franck contin\u00faa con su plan de forestaci\u00f3n en las calles de acceso a la vecina localidad"},"content":{"rendered":"\n<p>El llamado plan &#8220;Forestar&#8221; comenz\u00f3 en el mes de agosto. En aquella reforestacion, la comuna de franck utilizo especies nativas de lapacho rosado y jacaranda, que fueron plantados por el personal comunal, a lo largo del acceso sur, de la vecina localidad.<\/p>\n\n\n\n<p>En esta semana, el \u00e1rea de &#8220;Espacios Verdes&#8221; de la comuna franckina, continua con su plan de forestaci\u00f3n urbana, que comenz\u00f3 all\u00e1 por  el mes de septiembre, en el marco de la llamada &#8220;Semana del \u00c1rbol&#8221;.<\/p>\n\n\n\n<p>La zona elegida para dar continuidad al plan, fue el acceso sur, sobre calle Rivadavia, donde las especies elegidas para ser plantadas son lapachos rosados y amarillos.<\/p>\n\n\n\n<p>Desde la comuna de Franck, recuerdan que la Ley del \u00c1rbol Num. 13.836 y Ordenanzas comunales, proh\u00edben la poda y extracci\u00f3n como as\u00ed tambi\u00e9n, la plantaci\u00f3n por parte de particulares.  Aquellos vecinos que deseen ciertas especies particulares, frente a su domicilio, devberan comuinicarse con el area comunal de Espacios Verde.<\/p>\n<!-- AddThis Advanced Settings generic via filter on the_content --><!-- AddThis Share Buttons generic via filter on the_content -->","protected":false},"excerpt":{"rendered":"<p>El llamado plan &#8220;Forestar&#8221; comenz\u00f3 en el mes de agosto. En aquella reforestacion, la comuna de [&hellip;]<!-- AddThis Advanced Settings generic via filter on get_the_excerpt --><!-- AddThis Share Buttons generic via filter on get_the_excerpt --><\/p>\n","protected":false},"author":16,"featured_media":35808,"comment_status":"open","ping_status":"open","sticky":false,"template":"","format":"standard","meta":{"_seopress_robots_primary_cat":"none","_seopress_titles_title":"","_seopress_titles_desc":"","_seopress_robots_index":"","_themeisle_gutenberg_block_has_review":false,"footnotes":""},"categories":[2,20,21,24,29],"tags":[],"class_list":["post-35806","post","type-post","status-publish","format-standard","has-post-thumbnail","hentry","category-actualidad","category-departamentales","category-las-colonias","category-obras-publicas","category-regionales"],"_links":{"self":[{"href":"https:\/\/www.almargenweb.com.ar\/web\/wp-json\/wp\/v2\/posts\/35806","targetHints":{"allow":["GET"]}}],"collection":[{"href":"https:\/\/www.almargenweb.com.ar\/web\/wp-json\/wp\/v2\/posts"}],"about":[{"href":"https:\/\/www.almargenweb.com.ar\/web\/wp-json\/wp\/v2\/types\/post"}],"author":[{"embeddable":true,"href":"https:\/\/www.almargenweb.com.ar\/web\/wp-json\/wp\/v2\/users\/16"}],"replies":[{"embeddable":true,"href":"https:\/\/www.almargenweb.com.ar\/web\/wp-json\/wp\/v2\/comments?post=35806"}],"version-history":[{"count":1,"href":"https:\/\/www.almargenweb.com.ar\/web\/wp-json\/wp\/v2\/posts\/35806\/revisions"}],"predecessor-version":[{"id":35809,"href":"https:\/\/www.almargenweb.com.ar\/web\/wp-json\/wp\/v2\/posts\/35806\/revisions\/35809"}],"wp:featuredmedia":[{"embeddable":true,"href":"https:\/\/www.almargenweb.com.ar\/web\/wp-json\/wp\/v2\/media\/35808"}],"wp:attachment":[{"href":"https:\/\/www.almargenweb.com.ar\/web\/wp-json\/wp\/v2\/media?parent=35806"}],"wp:term":[{"taxonomy":"category","embeddable":true,"href":"https:\/\/www.almargenweb.com.ar\/web\/wp-json\/wp\/v2\/categories?post=35806"},{"taxonomy":"post_tag","embeddable":true,"href":"https:\/\/www.almargenweb.com.ar\/web\/wp-json\/wp\/v2\/tags?post=35806"}],"curies":[{"name":"wp","href":"https:\/\/api.w.org\/{rel}","templated":true}]}}