{"id":35795,"date":"2021-09-16T09:05:13","date_gmt":"2021-09-16T12:05:13","guid":{"rendered":"http:\/\/www.almargenweb.com.ar\/web\/?p=35795"},"modified":"2021-09-16T09:16:00","modified_gmt":"2021-09-16T12:16:00","slug":"evolucion-es-el-amanecer-de-un-nuevo-frente-politico-en-la-provincia-de-santa-fe","status":"publish","type":"post","link":"https:\/\/www.almargenweb.com.ar\/web\/evolucion-es-el-amanecer-de-un-nuevo-frente-politico-en-la-provincia-de-santa-fe\/","title":{"rendered":"&#8220;Evoluci\u00f3n&#8221; es el amanecer de un nuevo frente pol\u00edtico en la provincia de Santa Fe"},"content":{"rendered":"\n<p>La gran elecci\u00f3n realizada por la lista a senadores nacionales con Maxi Pullaro &#8211; Caro Piedrabuena y Gabriel Chumpitaz \u2013 Vicky Tejeda en la de diputados, es el puntapi\u00e9 inicial en la reconfiguraci\u00f3n del mapa pol\u00edtico que asoma en toda la provincia de Santa Fe.<\/p>\n\n\n\n<p>En tanto, Cristian Cammisi obtuvo 4.389 votos. Es decir que en la ciudad de Esperanza, gan\u00f3 la primaria sac\u00e1ndole 4.714 votos de ventaja al justicialismo (40,87% en porcentajes). Esto le da al frente de Juntos por el Cambio, un total de 10.738 votos, en nuestra ciudad.<\/p>\n\n\n\n<p>El ex ministro de Seguridad provincial, Maximiliano Pullaro lidera el movimiento Evoluci\u00f3n, con una visi\u00f3n pol\u00edtica basada en la experiencia. Cuenta con el apoyo absoluto de Mart\u00edn Lousteau, l\u00edder del movimiento nacional, dentro de Juntos por el Cambio.<\/p>\n\n\n\n<figure class=\"wp-block-image size-large is-resized\"><img loading=\"lazy\" decoding=\"async\" src=\"https:\/\/www.almargenweb.com.ar\/web\/wp-content\/uploads\/2021\/09\/piedrabuena-emprendedores-precandidata1jpg-1.jpg\" alt=\"\" class=\"wp-image-35800\" width=\"845\" height=\"475\" srcset=\"https:\/\/www.almargenweb.com.ar\/web\/wp-content\/uploads\/2021\/09\/piedrabuena-emprendedores-precandidata1jpg-1.jpg 642w, https:\/\/www.almargenweb.com.ar\/web\/wp-content\/uploads\/2021\/09\/piedrabuena-emprendedores-precandidata1jpg-1-300x169.jpg 300w\" sizes=\"auto, (max-width: 845px) 100vw, 845px\" \/><figcaption>La lista Evoluci\u00f3n, encabezada por Pullaro, candidato a senador nacional por Santa Fe, junto a piedrabuena y Lousteau, en la capital santafesina.<\/figcaption><\/figure>\n\n\n\n<p>Al respecto, Pullaro expres\u00f3 su alegr\u00eda por el trabajo realizado en la campa\u00f1a y por la excelente elecci\u00f3n de Juntos por el Cambio en toda la provincia de Santa Fe, inclutyendo el sector de la capital.<\/p>\n\n\n\n<p>El referente radical insto a seguir trabajando hablo sobre un \u201cfuerte compromiso de todos los que competimos en Juntos por el Cambio para que estemos unidos de cara a las elecciones del 14 de noviembre para ganar seis diputados y los dos senadores por la mayor\u00eda en el Congreso de la Naci\u00f3n\u201d.<\/p>\n<!-- AddThis Advanced Settings generic via filter on the_content --><!-- AddThis Share Buttons generic via filter on the_content -->","protected":false},"excerpt":{"rendered":"<p>La gran elecci\u00f3n realizada por la lista a senadores nacionales con Maxi Pullaro &#8211; Caro Piedrabuena [&hellip;]<!-- AddThis Advanced Settings generic via filter on get_the_excerpt --><!-- AddThis Share Buttons generic via filter on get_the_excerpt --><\/p>\n","protected":false},"author":16,"featured_media":35797,"comment_status":"open","ping_status":"open","sticky":false,"template":"","format":"standard","meta":{"_seopress_robots_primary_cat":"none","_seopress_titles_title":"","_seopress_titles_desc":"","_seopress_robots_index":"","_themeisle_gutenberg_block_has_review":false,"footnotes":""},"categories":[2,164,21,47,140,9],"tags":[],"class_list":["post-35795","post","type-post","status-publish","format-standard","has-post-thumbnail","hentry","category-actualidad","category-ambiente","category-las-colonias","category-locales","category-nacionales","category-politica"],"_links":{"self":[{"href":"https:\/\/www.almargenweb.com.ar\/web\/wp-json\/wp\/v2\/posts\/35795","targetHints":{"allow":["GET"]}}],"collection":[{"href":"https:\/\/www.almargenweb.com.ar\/web\/wp-json\/wp\/v2\/posts"}],"about":[{"href":"https:\/\/www.almargenweb.com.ar\/web\/wp-json\/wp\/v2\/types\/post"}],"author":[{"embeddable":true,"href":"https:\/\/www.almargenweb.com.ar\/web\/wp-json\/wp\/v2\/users\/16"}],"replies":[{"embeddable":true,"href":"https:\/\/www.almargenweb.com.ar\/web\/wp-json\/wp\/v2\/comments?post=35795"}],"version-history":[{"count":2,"href":"https:\/\/www.almargenweb.com.ar\/web\/wp-json\/wp\/v2\/posts\/35795\/revisions"}],"predecessor-version":[{"id":35801,"href":"https:\/\/www.almargenweb.com.ar\/web\/wp-json\/wp\/v2\/posts\/35795\/revisions\/35801"}],"wp:featuredmedia":[{"embeddable":true,"href":"https:\/\/www.almargenweb.com.ar\/web\/wp-json\/wp\/v2\/media\/35797"}],"wp:attachment":[{"href":"https:\/\/www.almargenweb.com.ar\/web\/wp-json\/wp\/v2\/media?parent=35795"}],"wp:term":[{"taxonomy":"category","embeddable":true,"href":"https:\/\/www.almargenweb.com.ar\/web\/wp-json\/wp\/v2\/categories?post=35795"},{"taxonomy":"post_tag","embeddable":true,"href":"https:\/\/www.almargenweb.com.ar\/web\/wp-json\/wp\/v2\/tags?post=35795"}],"curies":[{"name":"wp","href":"https:\/\/api.w.org\/{rel}","templated":true}]}}