{"id":35763,"date":"2021-09-11T09:38:10","date_gmt":"2021-09-11T12:38:10","guid":{"rendered":"http:\/\/www.almargenweb.com.ar\/web\/?p=35763"},"modified":"2021-09-11T09:42:21","modified_gmt":"2021-09-11T12:42:21","slug":"paso-2021-como-votar-en-tiempos-de-pandemia","status":"publish","type":"post","link":"https:\/\/www.almargenweb.com.ar\/web\/paso-2021-como-votar-en-tiempos-de-pandemia\/","title":{"rendered":"PASO 2021: \u00bfC\u00f3mo votar en tiempos de pandemia?"},"content":{"rendered":"\n<p>La Comisi\u00f3n Nacional Electoral (CNE) emiti\u00f3 un comunicado donde se especifica el protocolo sanitario por coronavirus (Covid 19) que se pondr\u00e1 en marcha este domingo 12 de septiembre para minimizar el riesgo de contagio al momento de emitir el voto en la urna en las elecciones PASO 2021.<\/p>\n\n\n\n<p>Seg\u00fan detalla el texto, todas las autoridades de mesa contar\u00e1n con los elementos sanitizantes pertinentes -como barbijos y soluci\u00f3n desinfectante-, mientras que los sitios estar\u00e1n distribuidos de forma tal que no haya aglomeraciones de personas,respetando la distancia necesaria para que haya dos metros entre cada votante.<\/p>\n\n\n\n<p> Ante las m\u00faltiples consultas sobre c\u00f3mo cerrar el sobre del voto al momento de sufragar, la CNE especific\u00f3 que &#8220;se indica a los electores que no cierren el sobre con saliva&#8221;.<\/p>\n\n\n\n<p>Se recomienda introducir la solapa del sobre en su interior para que contenga las boletas en su interior hasta el momento del escrutinio, sin necesidad de pegar el sobre.<\/p>\n\n\n\n<p>&nbsp;Desde la CNE solicitaron a los votantes&nbsp;llevar su propio bol\u00edgrafo o lapicera&nbsp;para poder firmar el padr\u00f3n -aunque en caso de no ser posible desde la mesa se otorgar\u00e1 uno sanitizado correctamente.<\/p>\n<!-- AddThis Advanced Settings generic via filter on the_content --><!-- AddThis Share Buttons generic via filter on the_content -->","protected":false},"excerpt":{"rendered":"<p>La Comisi\u00f3n Nacional Electoral (CNE) emiti\u00f3 un comunicado donde se especifica el protocolo sanitario por coronavirus [&hellip;]<!-- AddThis Advanced Settings generic via filter on get_the_excerpt --><!-- AddThis Share Buttons generic via filter on get_the_excerpt --><\/p>\n","protected":false},"author":16,"featured_media":35767,"comment_status":"open","ping_status":"open","sticky":false,"template":"","format":"standard","meta":{"_seopress_robots_primary_cat":"none","_seopress_titles_title":"","_seopress_titles_desc":"","_seopress_robots_index":"","_themeisle_gutenberg_block_has_review":false,"footnotes":""},"categories":[2,164,21,47,140,9,15],"tags":[],"class_list":["post-35763","post","type-post","status-publish","format-standard","has-post-thumbnail","hentry","category-actualidad","category-ambiente","category-las-colonias","category-locales","category-nacionales","category-politica","category-salud"],"_links":{"self":[{"href":"https:\/\/www.almargenweb.com.ar\/web\/wp-json\/wp\/v2\/posts\/35763","targetHints":{"allow":["GET"]}}],"collection":[{"href":"https:\/\/www.almargenweb.com.ar\/web\/wp-json\/wp\/v2\/posts"}],"about":[{"href":"https:\/\/www.almargenweb.com.ar\/web\/wp-json\/wp\/v2\/types\/post"}],"author":[{"embeddable":true,"href":"https:\/\/www.almargenweb.com.ar\/web\/wp-json\/wp\/v2\/users\/16"}],"replies":[{"embeddable":true,"href":"https:\/\/www.almargenweb.com.ar\/web\/wp-json\/wp\/v2\/comments?post=35763"}],"version-history":[{"count":2,"href":"https:\/\/www.almargenweb.com.ar\/web\/wp-json\/wp\/v2\/posts\/35763\/revisions"}],"predecessor-version":[{"id":35768,"href":"https:\/\/www.almargenweb.com.ar\/web\/wp-json\/wp\/v2\/posts\/35763\/revisions\/35768"}],"wp:featuredmedia":[{"embeddable":true,"href":"https:\/\/www.almargenweb.com.ar\/web\/wp-json\/wp\/v2\/media\/35767"}],"wp:attachment":[{"href":"https:\/\/www.almargenweb.com.ar\/web\/wp-json\/wp\/v2\/media?parent=35763"}],"wp:term":[{"taxonomy":"category","embeddable":true,"href":"https:\/\/www.almargenweb.com.ar\/web\/wp-json\/wp\/v2\/categories?post=35763"},{"taxonomy":"post_tag","embeddable":true,"href":"https:\/\/www.almargenweb.com.ar\/web\/wp-json\/wp\/v2\/tags?post=35763"}],"curies":[{"name":"wp","href":"https:\/\/api.w.org\/{rel}","templated":true}]}}