{"id":35747,"date":"2021-09-09T09:38:04","date_gmt":"2021-09-09T12:38:04","guid":{"rendered":"http:\/\/www.almargenweb.com.ar\/web\/?p=35747"},"modified":"2021-09-09T09:38:05","modified_gmt":"2021-09-09T12:38:05","slug":"covid-cual-es-el-protocolo-para-votar-en-estas-elecciones-atipicas","status":"publish","type":"post","link":"https:\/\/www.almargenweb.com.ar\/web\/covid-cual-es-el-protocolo-para-votar-en-estas-elecciones-atipicas\/","title":{"rendered":"Covid: cu\u00e1l es el protocolo para votar en estas elecciones at\u00edpicas"},"content":{"rendered":"\n<p>El Ministerio de Salud de la provincia emiti\u00f3 una serie de recomendaciones sanitarias para ir a votar el pr\u00f3ximo domingo 12 de septiembre en el marco de la pandemia Covid.<\/p>\n\n\n\n<p>Las filas para esperar el momento de votar en las mesas se van a formar en el exterior y al aire libre, respetando los dos metros de distancia social, y el uso correcto de barbijo que tape nariz, boca y ment\u00f3n.<\/p>\n\n\n\n<p>Adem\u00e1s, entre las medidas preventivas generales aconsejan llevar lapicera propia, no cerrar el sobre humedeciendo con saliva, sanitizar las manos antes y despu\u00e9s de la emisi\u00f3n del sufragio, y en lo posible asistir solos si es que la situaci\u00f3n de la aptitud f\u00edsica de la persona as\u00ed lo permite.<\/p>\n\n\n\n<p>Esto es, sin ni\u00f1os ni acompa\u00f1antes, a excepci\u00f3n de los no videntes o personas con discapacidades que tengan autorizaci\u00f3n a trav\u00e9s de los integrantes de la mesa para entrar acompa\u00f1ado, porque as\u00ed lo permite la Secretar\u00eda Electoral.<\/p>\n\n\n\n<p>Si alg\u00fan votante llega al lugar de votaci\u00f3n con un estado febril u otros s\u00edntomas se lo apartar\u00e1 de la fila y se lo mandar\u00e1 a su casa con indicaci\u00f3n de llamar al call center de la provincia.<\/p>\n\n\n\n<p>La persona sintom\u00e1tica o que se encuentre con sospechas de Covid no debe asistir a la votaci\u00f3n, sino llamar inmediatamente al 0800-555-6549.<\/p>\n<!-- AddThis Advanced Settings generic via filter on the_content --><!-- AddThis Share Buttons generic via filter on the_content -->","protected":false},"excerpt":{"rendered":"<p>El Ministerio de Salud de la provincia emiti\u00f3 una serie de recomendaciones sanitarias para ir a [&hellip;]<!-- AddThis Advanced Settings generic via filter on get_the_excerpt --><!-- AddThis Share Buttons generic via filter on get_the_excerpt --><\/p>\n","protected":false},"author":16,"featured_media":35749,"comment_status":"open","ping_status":"open","sticky":false,"template":"","format":"standard","meta":{"_seopress_robots_primary_cat":"none","_seopress_titles_title":"","_seopress_titles_desc":"","_seopress_robots_index":"","_themeisle_gutenberg_block_has_review":false,"footnotes":""},"categories":[2,164,19,47,140,9,15],"tags":[],"class_list":["post-35747","post","type-post","status-publish","format-standard","has-post-thumbnail","hentry","category-actualidad","category-ambiente","category-educacion","category-locales","category-nacionales","category-politica","category-salud"],"_links":{"self":[{"href":"https:\/\/www.almargenweb.com.ar\/web\/wp-json\/wp\/v2\/posts\/35747","targetHints":{"allow":["GET"]}}],"collection":[{"href":"https:\/\/www.almargenweb.com.ar\/web\/wp-json\/wp\/v2\/posts"}],"about":[{"href":"https:\/\/www.almargenweb.com.ar\/web\/wp-json\/wp\/v2\/types\/post"}],"author":[{"embeddable":true,"href":"https:\/\/www.almargenweb.com.ar\/web\/wp-json\/wp\/v2\/users\/16"}],"replies":[{"embeddable":true,"href":"https:\/\/www.almargenweb.com.ar\/web\/wp-json\/wp\/v2\/comments?post=35747"}],"version-history":[{"count":1,"href":"https:\/\/www.almargenweb.com.ar\/web\/wp-json\/wp\/v2\/posts\/35747\/revisions"}],"predecessor-version":[{"id":35750,"href":"https:\/\/www.almargenweb.com.ar\/web\/wp-json\/wp\/v2\/posts\/35747\/revisions\/35750"}],"wp:featuredmedia":[{"embeddable":true,"href":"https:\/\/www.almargenweb.com.ar\/web\/wp-json\/wp\/v2\/media\/35749"}],"wp:attachment":[{"href":"https:\/\/www.almargenweb.com.ar\/web\/wp-json\/wp\/v2\/media?parent=35747"}],"wp:term":[{"taxonomy":"category","embeddable":true,"href":"https:\/\/www.almargenweb.com.ar\/web\/wp-json\/wp\/v2\/categories?post=35747"},{"taxonomy":"post_tag","embeddable":true,"href":"https:\/\/www.almargenweb.com.ar\/web\/wp-json\/wp\/v2\/tags?post=35747"}],"curies":[{"name":"wp","href":"https:\/\/api.w.org\/{rel}","templated":true}]}}