{"id":35714,"date":"2021-09-01T10:01:38","date_gmt":"2021-09-01T13:01:38","guid":{"rendered":"http:\/\/www.almargenweb.com.ar\/web\/?p=35714"},"modified":"2021-09-01T10:01:39","modified_gmt":"2021-09-01T13:01:39","slug":"franck-continua-la-semana-del-arbol-completando-el-programa-de-forestacion","status":"publish","type":"post","link":"https:\/\/www.almargenweb.com.ar\/web\/franck-continua-la-semana-del-arbol-completando-el-programa-de-forestacion\/","title":{"rendered":"Franck continua La Semana del \u00c1rbol, completando el programa de forestaci\u00f3n"},"content":{"rendered":"\n<p>Durante toda esta semana, la vecina localidad de Franck, se encuentra en el marco de la Semana del \u00c1rbol. Por este motivo, personal de la comuna, esta en activa forestaci\u00f3n de espacios verdes.<\/p>\n\n\n\n<p>En esta oportunidad se plantaron especies nativas de lapacho rosado, y jacarand\u00e1, como as\u00ed tambi\u00e9n especies de crespones, fresnos y para\u00edsos; todas especies de longevidad asegurada para el disfrute de las pr\u00f3ximas generaciones.<\/p>\n\n\n\n<p>El divisorio elegido para esta plantaci\u00f3n, esta limitado en el lado sur del reservorio bot\u00e1nico, sobre calle Maipu.  Tambi\u00e9n se sigue con la forestaci\u00f3n de las diferentes v\u00edas y espacios p\u00fablicos de esa localidad.<\/p>\n\n\n\n<p>A finales de 2020, el presidente comunal, Javier Enrico, adhiri\u00f3 a las pol\u00edticas medio ambientales que se vienen desarrollando desde la ONG &#8220;Semana del \u00c1rbol&#8221; tendientes a re definir el vinculo con la naturaleza a trav\u00e9s de la plantaci\u00f3n de arboles, y la capacitaci\u00f3n bot\u00e1nica.<\/p>\n<!-- AddThis Advanced Settings generic via filter on the_content --><!-- AddThis Share Buttons generic via filter on the_content -->","protected":false},"excerpt":{"rendered":"<p>Durante toda esta semana, la vecina localidad de Franck, se encuentra en el marco de la [&hellip;]<!-- AddThis Advanced Settings generic via filter on get_the_excerpt --><!-- AddThis Share Buttons generic via filter on get_the_excerpt --><\/p>\n","protected":false},"author":16,"featured_media":35716,"comment_status":"open","ping_status":"open","sticky":false,"template":"","format":"standard","meta":{"_seopress_robots_primary_cat":"none","_seopress_titles_title":"","_seopress_titles_desc":"","_seopress_robots_index":"","_themeisle_gutenberg_block_has_review":false,"footnotes":""},"categories":[2,21,24,29],"tags":[],"class_list":["post-35714","post","type-post","status-publish","format-standard","has-post-thumbnail","hentry","category-actualidad","category-las-colonias","category-obras-publicas","category-regionales"],"_links":{"self":[{"href":"https:\/\/www.almargenweb.com.ar\/web\/wp-json\/wp\/v2\/posts\/35714","targetHints":{"allow":["GET"]}}],"collection":[{"href":"https:\/\/www.almargenweb.com.ar\/web\/wp-json\/wp\/v2\/posts"}],"about":[{"href":"https:\/\/www.almargenweb.com.ar\/web\/wp-json\/wp\/v2\/types\/post"}],"author":[{"embeddable":true,"href":"https:\/\/www.almargenweb.com.ar\/web\/wp-json\/wp\/v2\/users\/16"}],"replies":[{"embeddable":true,"href":"https:\/\/www.almargenweb.com.ar\/web\/wp-json\/wp\/v2\/comments?post=35714"}],"version-history":[{"count":1,"href":"https:\/\/www.almargenweb.com.ar\/web\/wp-json\/wp\/v2\/posts\/35714\/revisions"}],"predecessor-version":[{"id":35717,"href":"https:\/\/www.almargenweb.com.ar\/web\/wp-json\/wp\/v2\/posts\/35714\/revisions\/35717"}],"wp:featuredmedia":[{"embeddable":true,"href":"https:\/\/www.almargenweb.com.ar\/web\/wp-json\/wp\/v2\/media\/35716"}],"wp:attachment":[{"href":"https:\/\/www.almargenweb.com.ar\/web\/wp-json\/wp\/v2\/media?parent=35714"}],"wp:term":[{"taxonomy":"category","embeddable":true,"href":"https:\/\/www.almargenweb.com.ar\/web\/wp-json\/wp\/v2\/categories?post=35714"},{"taxonomy":"post_tag","embeddable":true,"href":"https:\/\/www.almargenweb.com.ar\/web\/wp-json\/wp\/v2\/tags?post=35714"}],"curies":[{"name":"wp","href":"https:\/\/api.w.org\/{rel}","templated":true}]}}