{"id":35697,"date":"2021-08-27T06:54:29","date_gmt":"2021-08-27T09:54:29","guid":{"rendered":"http:\/\/www.almargenweb.com.ar\/web\/?p=35697"},"modified":"2021-08-27T06:54:34","modified_gmt":"2021-08-27T09:54:34","slug":"el-lunes-vuelve-a-la-provincia-de-santa-fe-la-presencialidad-plena-en-las-escuelas","status":"publish","type":"post","link":"https:\/\/www.almargenweb.com.ar\/web\/el-lunes-vuelve-a-la-provincia-de-santa-fe-la-presencialidad-plena-en-las-escuelas\/","title":{"rendered":"El lunes vuelve a la provincia de Santa Fe, la presencialidad plena en las escuelas"},"content":{"rendered":"\n<p>A partir del lunes 30 de agosto vuelve la presencialidad plena a las escuelas de la provincia. La decisi\u00f3n llega tras la aprobaci\u00f3n en el Consejo Federal de Educaci\u00f3n de los protocolos correspondientes.<\/p>\n\n\n\n<p>La medida abarca a la educaci\u00f3n primaria y secundaria tanto de las instituciones p\u00fablicas como privadas, que recibir\u00e1n la comunicaci\u00f3n oficial en las pr\u00f3ximas horas para convocar a los alumnos.<\/p>\n\n\n\n<p>En el caso de aquellas escuelas que tengan dificultades para cumplir con estos par\u00e1metros de distanciamiento por matr\u00edculas ajustadas, espacios muy peque\u00f1os o alg\u00fan otro condicionamiento, podr\u00e1n comunicarse con sus supervisores o sus respectivas Regionales de Educaci\u00f3n para analizar alternativas puntuales.<\/p>\n\n\n\n<p>La vuelta a las aulas en el caso de los estudiantes universitarios, la ministra Cantero indic\u00f3 que estas instituciones tambi\u00e9n participaron del Consejo Federal de Educaci\u00f3n pero tienen autonom\u00eda, por lo que ser\u00e1 tarea de cada una de ellas organizar los espacios para lograr all\u00ed tambi\u00e9n la presencialidad plena.<\/p>\n\n\n\n<p><\/p>\n<!-- AddThis Advanced Settings generic via filter on the_content --><!-- AddThis Share Buttons generic via filter on the_content -->","protected":false},"excerpt":{"rendered":"<p>A partir del lunes 30 de agosto vuelve la presencialidad plena a las escuelas de la [&hellip;]<!-- AddThis Advanced Settings generic via filter on get_the_excerpt --><!-- AddThis Share Buttons generic via filter on get_the_excerpt --><\/p>\n","protected":false},"author":16,"featured_media":35699,"comment_status":"open","ping_status":"open","sticky":false,"template":"","format":"standard","meta":{"_seopress_robots_primary_cat":"none","_seopress_titles_title":"","_seopress_titles_desc":"","_seopress_robots_index":"","_themeisle_gutenberg_block_has_review":false,"footnotes":""},"categories":[2,164,19,15],"tags":[],"class_list":["post-35697","post","type-post","status-publish","format-standard","has-post-thumbnail","hentry","category-actualidad","category-ambiente","category-educacion","category-salud"],"_links":{"self":[{"href":"https:\/\/www.almargenweb.com.ar\/web\/wp-json\/wp\/v2\/posts\/35697","targetHints":{"allow":["GET"]}}],"collection":[{"href":"https:\/\/www.almargenweb.com.ar\/web\/wp-json\/wp\/v2\/posts"}],"about":[{"href":"https:\/\/www.almargenweb.com.ar\/web\/wp-json\/wp\/v2\/types\/post"}],"author":[{"embeddable":true,"href":"https:\/\/www.almargenweb.com.ar\/web\/wp-json\/wp\/v2\/users\/16"}],"replies":[{"embeddable":true,"href":"https:\/\/www.almargenweb.com.ar\/web\/wp-json\/wp\/v2\/comments?post=35697"}],"version-history":[{"count":1,"href":"https:\/\/www.almargenweb.com.ar\/web\/wp-json\/wp\/v2\/posts\/35697\/revisions"}],"predecessor-version":[{"id":35700,"href":"https:\/\/www.almargenweb.com.ar\/web\/wp-json\/wp\/v2\/posts\/35697\/revisions\/35700"}],"wp:featuredmedia":[{"embeddable":true,"href":"https:\/\/www.almargenweb.com.ar\/web\/wp-json\/wp\/v2\/media\/35699"}],"wp:attachment":[{"href":"https:\/\/www.almargenweb.com.ar\/web\/wp-json\/wp\/v2\/media?parent=35697"}],"wp:term":[{"taxonomy":"category","embeddable":true,"href":"https:\/\/www.almargenweb.com.ar\/web\/wp-json\/wp\/v2\/categories?post=35697"},{"taxonomy":"post_tag","embeddable":true,"href":"https:\/\/www.almargenweb.com.ar\/web\/wp-json\/wp\/v2\/tags?post=35697"}],"curies":[{"name":"wp","href":"https:\/\/api.w.org\/{rel}","templated":true}]}}