{"id":35671,"date":"2021-08-19T10:00:10","date_gmt":"2021-08-19T13:00:10","guid":{"rendered":"http:\/\/www.almargenweb.com.ar\/web\/?p=35671"},"modified":"2021-08-19T10:00:11","modified_gmt":"2021-08-19T13:00:11","slug":"por-la-bajante-de-los-rios-lanzan-una-campana-para-el-uso-responsable-del-agua-durante-el-lavado-de-veredas","status":"publish","type":"post","link":"https:\/\/www.almargenweb.com.ar\/web\/por-la-bajante-de-los-rios-lanzan-una-campana-para-el-uso-responsable-del-agua-durante-el-lavado-de-veredas\/","title":{"rendered":"Por la bajante de los r\u00edos, lanzan una campa\u00f1a para el uso responsable del agua durante el lavado de veredas"},"content":{"rendered":"\n<p>Aguas Santafesinas present\u00f3 una campa\u00f1a de concientizaci\u00f3n \u201cEl agua en nuestras manos, el agua en buenas manos\u201d, orientada al uso responsable y solidario del agua potable durante el lavado de veredas, en el marco de la extraordinaria bajante que sufre el r\u00edo Paran\u00e1.<\/p>\n\n\n\n<p>La campana apunta al uso de baldes o en su defecto mangueras provistas de sistemas de corte, tipo gatillo o interruptores, para el lavado de veredas.<\/p>\n\n\n\n<p>Adem\u00e1s, el agua, jab\u00f3n o detergente utilizado en el lavado de veredas deber\u00e1 ce\u00f1irse a lo estrictamente necesario para tal fin, prohibi\u00e9ndose su uso desproporcionado y abusivo.<\/p>\n\n\n\n<p>En ese sentido, se estima que una manguera abierta durante una hora insume 500 litros de agua potable, el consumo promedio de dos personas por d\u00eda. Mientras que, utilizando 10 baldes de agua \u2013m\u00e1s que suficientes para lavar una vereda\u2013, se necesitan solo 100 litros.<\/p>\n\n\n\n<p>El uso racional del agua potable, en el contexto de la extraordinaria bajante del r\u00edo Paran\u00e1, se potencia como una acci\u00f3n imprescindible para sostener la prestaci\u00f3n de un servicio esencial en la lucha contra el coronavirus.<\/p>\n<!-- AddThis Advanced Settings generic via filter on the_content --><!-- AddThis Share Buttons generic via filter on the_content -->","protected":false},"excerpt":{"rendered":"<p>Aguas Santafesinas present\u00f3 una campa\u00f1a de concientizaci\u00f3n \u201cEl agua en nuestras manos, el agua en buenas [&hellip;]<!-- AddThis Advanced Settings generic via filter on get_the_excerpt --><!-- AddThis Share Buttons generic via filter on get_the_excerpt --><\/p>\n","protected":false},"author":16,"featured_media":35673,"comment_status":"open","ping_status":"open","sticky":false,"template":"","format":"standard","meta":{"_seopress_robots_primary_cat":"none","_seopress_titles_title":"","_seopress_titles_desc":"","_seopress_robots_index":"","_themeisle_gutenberg_block_has_review":false,"footnotes":""},"categories":[2,164,19,9,15],"tags":[],"class_list":["post-35671","post","type-post","status-publish","format-standard","has-post-thumbnail","hentry","category-actualidad","category-ambiente","category-educacion","category-politica","category-salud"],"_links":{"self":[{"href":"https:\/\/www.almargenweb.com.ar\/web\/wp-json\/wp\/v2\/posts\/35671","targetHints":{"allow":["GET"]}}],"collection":[{"href":"https:\/\/www.almargenweb.com.ar\/web\/wp-json\/wp\/v2\/posts"}],"about":[{"href":"https:\/\/www.almargenweb.com.ar\/web\/wp-json\/wp\/v2\/types\/post"}],"author":[{"embeddable":true,"href":"https:\/\/www.almargenweb.com.ar\/web\/wp-json\/wp\/v2\/users\/16"}],"replies":[{"embeddable":true,"href":"https:\/\/www.almargenweb.com.ar\/web\/wp-json\/wp\/v2\/comments?post=35671"}],"version-history":[{"count":1,"href":"https:\/\/www.almargenweb.com.ar\/web\/wp-json\/wp\/v2\/posts\/35671\/revisions"}],"predecessor-version":[{"id":35674,"href":"https:\/\/www.almargenweb.com.ar\/web\/wp-json\/wp\/v2\/posts\/35671\/revisions\/35674"}],"wp:featuredmedia":[{"embeddable":true,"href":"https:\/\/www.almargenweb.com.ar\/web\/wp-json\/wp\/v2\/media\/35673"}],"wp:attachment":[{"href":"https:\/\/www.almargenweb.com.ar\/web\/wp-json\/wp\/v2\/media?parent=35671"}],"wp:term":[{"taxonomy":"category","embeddable":true,"href":"https:\/\/www.almargenweb.com.ar\/web\/wp-json\/wp\/v2\/categories?post=35671"},{"taxonomy":"post_tag","embeddable":true,"href":"https:\/\/www.almargenweb.com.ar\/web\/wp-json\/wp\/v2\/tags?post=35671"}],"curies":[{"name":"wp","href":"https:\/\/api.w.org\/{rel}","templated":true}]}}