{"id":35667,"date":"2021-08-18T13:09:35","date_gmt":"2021-08-18T16:09:35","guid":{"rendered":"http:\/\/www.almargenweb.com.ar\/web\/?p=35667"},"modified":"2021-08-18T13:09:36","modified_gmt":"2021-08-18T16:09:36","slug":"ambientalistas-remaron-desde-rosario-a-buenos-aires-en-kayak-para-exigir-por-la-ley-de-humedales","status":"publish","type":"post","link":"https:\/\/www.almargenweb.com.ar\/web\/ambientalistas-remaron-desde-rosario-a-buenos-aires-en-kayak-para-exigir-por-la-ley-de-humedales\/","title":{"rendered":"Ambientalistas remaron desde Rosario a Buenos Aires en kayak para exigir por la ley de humedales"},"content":{"rendered":"\n<p>Una semana remando desde Rosario a Buenos Aires. Fueron 60 kayakistas y m\u00e1s de 50 personas en caravana por tierra para asistir a quienes le pusieron el cuerpo a la aventura, cuyo objetivo es la sanci\u00f3n de una ley nacional que proteja a los humedales del Delta.<\/p>\n\n\n\n<p>El prop\u00f3sito de la multisectorial es entregar una carta con firmas de m\u00e1s de 400 agrupaciones de todo el pa\u00eds que piden por la ley. El Congreso ser\u00e1 la l\u00ednea de llegada de un recorrido que se inici\u00f3 en el mi\u00e9rcoles pasado en Rosario.<\/p>\n\n\n\n<p>En 2020, la ola de incendios en la Argentina -muchos de ellos motivados por la quema intencional de pastizales para la agricultura y el desarrollo inmobiliario- fortific\u00f3 una demanda que tom\u00f3 estado parlamentario por primera vez en 2013. Decenas de proyectos llegaron al Congreso a lo largo de estos a\u00f1os, pero ninguno se transform\u00f3 en ley.<\/p>\n\n\n\n<p>Adem\u00e1s de combatir el cambio clim\u00e1tico, los humedales cumplen otra funci\u00f3n fundamental para los seres humanos: absorben el agua de las lluvias y ayudan a evitar inundaciones.<\/p>\n\n\n\n<p>Cada vez son m\u00e1s los barrios cerrados y countries construidos sobre este tipo de entornos naturales, lo cual provoca un desequilibrio ambiental que suele traducirse en la desaparici\u00f3n de las diversas especies animales que antes los habitaban.<\/p>\n\n\n\n<p>Hoy mi\u00e9rcoles, los ambientalistas se concentrar\u00e1n a las 16 en Plaza de Mayo y a las 17 marchar\u00e1n hacia el Congreso. All\u00ed se realizar\u00e1 la entrega formal del petitorio y un acto.<\/p>\n<!-- AddThis Advanced Settings generic via filter on the_content --><!-- AddThis Share Buttons generic via filter on the_content -->","protected":false},"excerpt":{"rendered":"<p>Una semana remando desde Rosario a Buenos Aires. Fueron 60 kayakistas y m\u00e1s de 50 personas [&hellip;]<!-- AddThis Advanced Settings generic via filter on get_the_excerpt --><!-- AddThis Share Buttons generic via filter on get_the_excerpt --><\/p>\n","protected":false},"author":16,"featured_media":35669,"comment_status":"open","ping_status":"open","sticky":false,"template":"","format":"standard","meta":{"_seopress_robots_primary_cat":"none","_seopress_titles_title":"","_seopress_titles_desc":"","_seopress_robots_index":"","_themeisle_gutenberg_block_has_review":false,"footnotes":""},"categories":[2,164,140,9,15],"tags":[],"class_list":["post-35667","post","type-post","status-publish","format-standard","has-post-thumbnail","hentry","category-actualidad","category-ambiente","category-nacionales","category-politica","category-salud"],"_links":{"self":[{"href":"https:\/\/www.almargenweb.com.ar\/web\/wp-json\/wp\/v2\/posts\/35667","targetHints":{"allow":["GET"]}}],"collection":[{"href":"https:\/\/www.almargenweb.com.ar\/web\/wp-json\/wp\/v2\/posts"}],"about":[{"href":"https:\/\/www.almargenweb.com.ar\/web\/wp-json\/wp\/v2\/types\/post"}],"author":[{"embeddable":true,"href":"https:\/\/www.almargenweb.com.ar\/web\/wp-json\/wp\/v2\/users\/16"}],"replies":[{"embeddable":true,"href":"https:\/\/www.almargenweb.com.ar\/web\/wp-json\/wp\/v2\/comments?post=35667"}],"version-history":[{"count":1,"href":"https:\/\/www.almargenweb.com.ar\/web\/wp-json\/wp\/v2\/posts\/35667\/revisions"}],"predecessor-version":[{"id":35670,"href":"https:\/\/www.almargenweb.com.ar\/web\/wp-json\/wp\/v2\/posts\/35667\/revisions\/35670"}],"wp:featuredmedia":[{"embeddable":true,"href":"https:\/\/www.almargenweb.com.ar\/web\/wp-json\/wp\/v2\/media\/35669"}],"wp:attachment":[{"href":"https:\/\/www.almargenweb.com.ar\/web\/wp-json\/wp\/v2\/media?parent=35667"}],"wp:term":[{"taxonomy":"category","embeddable":true,"href":"https:\/\/www.almargenweb.com.ar\/web\/wp-json\/wp\/v2\/categories?post=35667"},{"taxonomy":"post_tag","embeddable":true,"href":"https:\/\/www.almargenweb.com.ar\/web\/wp-json\/wp\/v2\/tags?post=35667"}],"curies":[{"name":"wp","href":"https:\/\/api.w.org\/{rel}","templated":true}]}}