{"id":35663,"date":"2021-08-18T09:36:30","date_gmt":"2021-08-18T12:36:30","guid":{"rendered":"http:\/\/www.almargenweb.com.ar\/web\/?p=35663"},"modified":"2021-08-18T09:36:31","modified_gmt":"2021-08-18T12:36:31","slug":"se-armaran-6-789-urnas-para-1032-locales-de-votacion-en-la-provincia-y-preparan-protocolos-sanitarios-especiales","status":"publish","type":"post","link":"https:\/\/www.almargenweb.com.ar\/web\/se-armaran-6-789-urnas-para-1032-locales-de-votacion-en-la-provincia-y-preparan-protocolos-sanitarios-especiales\/","title":{"rendered":"Se armar\u00e1n 6.789 urnas para 1032 locales de votaci\u00f3n en la provincia y preparan protocolos sanitarios especiales"},"content":{"rendered":"\n<p>Esta semana se comenzaron a confeccionar en la Secretar\u00eda Electoral Provincial las 6.789 urnas que ser\u00e1n distribuidas en los 1032 locales de votaci\u00f3n de la provincia de Santa Fe, para las elecciones Primarias Abiertas Simult\u00e1neas y Obligatorias( Paso) del 12 de septiembre.<\/p>\n\n\n\n<p>Para evitar aglomeraci\u00f3n de electores, adem\u00e1s de las medidas sanitarias correspondientes, s\u00f3lo 66 locales de votaci\u00f3n tendr\u00e1n m\u00e1s de ocho mesas.<\/p>\n\n\n\n<p>Se estableci\u00f3 que entre las 10:30 y 12:30 ser\u00e1 el horario en el cual tendr\u00e1n prioridad los &#8220;grupos de riesgos&#8221; para emitir sufragio. Quienes no integren ese grupo podr\u00e1n votar igual, pero deber\u00e1n ceder su turno a quienes acrediten por los medios pertinentes pertenecer a los mismos.<\/p>\n\n\n\n<p>El \u201cProtocolo Sanitario de Prevenci\u00f3n covid-19 &#8211; elecciones nacionales 2021\u201d, fue elaborado conjuntamente con la Direcci\u00f3n Nacional Electoral del Ministerio del Interior y el Ministerio de Salud de la Naci\u00f3n.<\/p>\n\n\n\n<p>El Kit Sanitario prev\u00e9 elementos de protecci\u00f3n personal y de higiene elementales, tanto para las autoridades de mesa como para el establecimiento de votaci\u00f3n.<\/p>\n\n\n\n<p>Asimismo, se trabaj\u00f3 en la elaboraci\u00f3n de material de capacitaci\u00f3n e informaci\u00f3n espec\u00edfica sobre los protocolos y medidas de prevenci\u00f3n.<\/p>\n<!-- AddThis Advanced Settings generic via filter on the_content --><!-- AddThis Share Buttons generic via filter on the_content -->","protected":false},"excerpt":{"rendered":"<p>Esta semana se comenzaron a confeccionar en la Secretar\u00eda Electoral Provincial las 6.789 urnas que ser\u00e1n [&hellip;]<!-- AddThis Advanced Settings generic via filter on get_the_excerpt --><!-- AddThis Share Buttons generic via filter on get_the_excerpt --><\/p>\n","protected":false},"author":16,"featured_media":35665,"comment_status":"open","ping_status":"open","sticky":false,"template":"","format":"standard","meta":{"_seopress_robots_primary_cat":"none","_seopress_titles_title":"","_seopress_titles_desc":"","_seopress_robots_index":"","_themeisle_gutenberg_block_has_review":false,"footnotes":""},"categories":[2,164,47,140,9,15],"tags":[],"class_list":["post-35663","post","type-post","status-publish","format-standard","has-post-thumbnail","hentry","category-actualidad","category-ambiente","category-locales","category-nacionales","category-politica","category-salud"],"_links":{"self":[{"href":"https:\/\/www.almargenweb.com.ar\/web\/wp-json\/wp\/v2\/posts\/35663","targetHints":{"allow":["GET"]}}],"collection":[{"href":"https:\/\/www.almargenweb.com.ar\/web\/wp-json\/wp\/v2\/posts"}],"about":[{"href":"https:\/\/www.almargenweb.com.ar\/web\/wp-json\/wp\/v2\/types\/post"}],"author":[{"embeddable":true,"href":"https:\/\/www.almargenweb.com.ar\/web\/wp-json\/wp\/v2\/users\/16"}],"replies":[{"embeddable":true,"href":"https:\/\/www.almargenweb.com.ar\/web\/wp-json\/wp\/v2\/comments?post=35663"}],"version-history":[{"count":1,"href":"https:\/\/www.almargenweb.com.ar\/web\/wp-json\/wp\/v2\/posts\/35663\/revisions"}],"predecessor-version":[{"id":35666,"href":"https:\/\/www.almargenweb.com.ar\/web\/wp-json\/wp\/v2\/posts\/35663\/revisions\/35666"}],"wp:featuredmedia":[{"embeddable":true,"href":"https:\/\/www.almargenweb.com.ar\/web\/wp-json\/wp\/v2\/media\/35665"}],"wp:attachment":[{"href":"https:\/\/www.almargenweb.com.ar\/web\/wp-json\/wp\/v2\/media?parent=35663"}],"wp:term":[{"taxonomy":"category","embeddable":true,"href":"https:\/\/www.almargenweb.com.ar\/web\/wp-json\/wp\/v2\/categories?post=35663"},{"taxonomy":"post_tag","embeddable":true,"href":"https:\/\/www.almargenweb.com.ar\/web\/wp-json\/wp\/v2\/tags?post=35663"}],"curies":[{"name":"wp","href":"https:\/\/api.w.org\/{rel}","templated":true}]}}