{"id":35650,"date":"2021-08-16T10:31:34","date_gmt":"2021-08-16T13:31:34","guid":{"rendered":"http:\/\/www.almargenweb.com.ar\/web\/?p=35650"},"modified":"2021-08-16T10:31:35","modified_gmt":"2021-08-16T13:31:35","slug":"comienza-en-esperanza-y-zona-una-semana-con-altas-temperaturas-el-viento-norte-propicio-a-generar-incendios","status":"publish","type":"post","link":"https:\/\/www.almargenweb.com.ar\/web\/comienza-en-esperanza-y-zona-una-semana-con-altas-temperaturas-el-viento-norte-propicio-a-generar-incendios\/","title":{"rendered":"Comienza en Esperanza y zona, una semana con altas temperaturas; el viento norte propicio a generar incendios"},"content":{"rendered":"\n<p>Esperanza disfrutar\u00e1 de temperaturas altas toda la semana, seg\u00fan lo previsto por el Servicio Meteorol\u00f3gico Nacional (SMN). <\/p>\n\n\n\n<p>Seg\u00fan las estad\u00edsticas meteorol\u00f3gicas, aseguran que julio fue el mes m\u00e1s caluroso en la historia a nivel global. Sin embargo, en Argentina hubo invasiones de aire fr\u00edo.<\/p>\n\n\n\n<p>Esta semana a nivel pa\u00eds es una semana t\u00edpica de esa de agosto. Por un lado, hoy tenemos aire fr\u00edo empujando desde la zona del Pac\u00edfico hacia la Patagonia. Esto va a provocar entonces algunas nevadas en toda la franja de la cordillera, desde Calafate, pr\u00e1cticamente hasta Mendoza y ciento momentos y con distintas intensidades; explicaron desde el SMN<\/p>\n\n\n\n<p>En Santa Fe, seg\u00fan indic\u00f3, las temperaturas comenzar\u00e1n a aumentar.<\/p>\n\n\n\n<p>De aqu\u00ed a al jueves, en esperanza habr\u00e1 temperaturas muy altas y muy baja humedad. Va a haber viento del sector norte, condiciones t\u00edpicas para que se genere incendio en los humedales de los r\u00edos Salado y Parana. <\/p>\n\n\n\n<p>Para el mi\u00e9rcoles, seg\u00fan el SMN, la m\u00ednima rondar\u00e1 los 15 grados, y la m\u00e1xima: 32. Seg\u00fan el organismo, reci\u00e9n el viernes, la m\u00ednima se ubicar\u00e1 debajo de los 10 grados y la m\u00e1xima rondar\u00e1 los 21 grados.<\/p>\n<!-- AddThis Advanced Settings generic via filter on the_content --><!-- AddThis Share Buttons generic via filter on the_content -->","protected":false},"excerpt":{"rendered":"<p>Esperanza disfrutar\u00e1 de temperaturas altas toda la semana, seg\u00fan lo previsto por el Servicio Meteorol\u00f3gico Nacional [&hellip;]<!-- AddThis Advanced Settings generic via filter on get_the_excerpt --><!-- AddThis Share Buttons generic via filter on get_the_excerpt --><\/p>\n","protected":false},"author":16,"featured_media":35652,"comment_status":"open","ping_status":"open","sticky":false,"template":"","format":"standard","meta":{"_seopress_robots_primary_cat":"none","_seopress_titles_title":"","_seopress_titles_desc":"","_seopress_robots_index":"","_themeisle_gutenberg_block_has_review":false,"footnotes":""},"categories":[2,164,47,29],"tags":[],"class_list":["post-35650","post","type-post","status-publish","format-standard","has-post-thumbnail","hentry","category-actualidad","category-ambiente","category-locales","category-regionales"],"_links":{"self":[{"href":"https:\/\/www.almargenweb.com.ar\/web\/wp-json\/wp\/v2\/posts\/35650","targetHints":{"allow":["GET"]}}],"collection":[{"href":"https:\/\/www.almargenweb.com.ar\/web\/wp-json\/wp\/v2\/posts"}],"about":[{"href":"https:\/\/www.almargenweb.com.ar\/web\/wp-json\/wp\/v2\/types\/post"}],"author":[{"embeddable":true,"href":"https:\/\/www.almargenweb.com.ar\/web\/wp-json\/wp\/v2\/users\/16"}],"replies":[{"embeddable":true,"href":"https:\/\/www.almargenweb.com.ar\/web\/wp-json\/wp\/v2\/comments?post=35650"}],"version-history":[{"count":1,"href":"https:\/\/www.almargenweb.com.ar\/web\/wp-json\/wp\/v2\/posts\/35650\/revisions"}],"predecessor-version":[{"id":35653,"href":"https:\/\/www.almargenweb.com.ar\/web\/wp-json\/wp\/v2\/posts\/35650\/revisions\/35653"}],"wp:featuredmedia":[{"embeddable":true,"href":"https:\/\/www.almargenweb.com.ar\/web\/wp-json\/wp\/v2\/media\/35652"}],"wp:attachment":[{"href":"https:\/\/www.almargenweb.com.ar\/web\/wp-json\/wp\/v2\/media?parent=35650"}],"wp:term":[{"taxonomy":"category","embeddable":true,"href":"https:\/\/www.almargenweb.com.ar\/web\/wp-json\/wp\/v2\/categories?post=35650"},{"taxonomy":"post_tag","embeddable":true,"href":"https:\/\/www.almargenweb.com.ar\/web\/wp-json\/wp\/v2\/tags?post=35650"}],"curies":[{"name":"wp","href":"https:\/\/api.w.org\/{rel}","templated":true}]}}