{"id":35607,"date":"2021-08-06T10:26:58","date_gmt":"2021-08-06T13:26:58","guid":{"rendered":"http:\/\/www.almargenweb.com.ar\/web\/?p=35607"},"modified":"2021-08-06T10:27:00","modified_gmt":"2021-08-06T13:27:00","slug":"dia-del-veterinario-a-136-anos-de-la-creacion-de-la-primera-facultad-del-pais","status":"publish","type":"post","link":"https:\/\/www.almargenweb.com.ar\/web\/dia-del-veterinario-a-136-anos-de-la-creacion-de-la-primera-facultad-del-pais\/","title":{"rendered":"D\u00eda del Veterinario: a 136 a\u00f1os de la creaci\u00f3n de la primera facultad del pa\u00eds"},"content":{"rendered":"\n<p>Desde 1983, cada 6 de agosto se celebra el D\u00eda del Veterinario en la Argentina, en conmemoraci\u00f3n de la la primera clase que se dio en esa carrera universitaria.<\/p>\n\n\n\n<p>Un d\u00eda como hoy pero 138 a\u00f1os atr\u00e1s se dio el inicio de clases en la Escuela de Agronom\u00eda y Veterinaria y Haras de la Provincia de Buenos Aires que m\u00e1s tarde pasar\u00eda a llamarse simplemente Instituto Agron\u00f3mico Veterinario de Santa Catalina.<\/p>\n\n\n\n<p>En honor al comienzo del ciclo lectivo y donde por primera vez en la historia argentina se dictaban clases de ciencias veterinarias es que se conmemora el D\u00eda del Profesional Veterinario en el pa\u00eds.<\/p>\n\n\n\n<p>En este sentido, es importante destacar que en la misma fecha se celebra el D\u00eda del Ingeniero Agr\u00f3nomo, en homenaje a la profesi\u00f3n y como recuerdo al mismo hito educativo.<\/p>\n\n\n\n<p>Como sucede con la pr\u00e1ctica de la medicina humana, todo el tiempo se presentan nuevos conocimientos y para esto es necesario llevar adelante trabajos de investigaci\u00f3n cient\u00edfica.<\/p>\n\n\n\n<p>En l\u00ednea con esto, la actividad de los profesionales veterinarios tambi\u00e9n forma parte de la inspecci\u00f3n sanitaria en lo que es la producci\u00f3n de alimentos con animales involucrados.<\/p>\n<!-- AddThis Advanced Settings generic via filter on the_content --><!-- AddThis Share Buttons generic via filter on the_content -->","protected":false},"excerpt":{"rendered":"<p>Desde 1983, cada 6 de agosto se celebra el D\u00eda del Veterinario en la Argentina, en [&hellip;]<!-- AddThis Advanced Settings generic via filter on get_the_excerpt --><!-- AddThis Share Buttons generic via filter on get_the_excerpt --><\/p>\n","protected":false},"author":16,"featured_media":35603,"comment_status":"open","ping_status":"open","sticky":false,"template":"","format":"standard","meta":{"_seopress_robots_primary_cat":"none","_seopress_titles_title":"","_seopress_titles_desc":"","_seopress_robots_index":"","_themeisle_gutenberg_block_has_review":false,"footnotes":""},"categories":[2,164,19,15],"tags":[],"class_list":["post-35607","post","type-post","status-publish","format-standard","has-post-thumbnail","hentry","category-actualidad","category-ambiente","category-educacion","category-salud"],"_links":{"self":[{"href":"https:\/\/www.almargenweb.com.ar\/web\/wp-json\/wp\/v2\/posts\/35607","targetHints":{"allow":["GET"]}}],"collection":[{"href":"https:\/\/www.almargenweb.com.ar\/web\/wp-json\/wp\/v2\/posts"}],"about":[{"href":"https:\/\/www.almargenweb.com.ar\/web\/wp-json\/wp\/v2\/types\/post"}],"author":[{"embeddable":true,"href":"https:\/\/www.almargenweb.com.ar\/web\/wp-json\/wp\/v2\/users\/16"}],"replies":[{"embeddable":true,"href":"https:\/\/www.almargenweb.com.ar\/web\/wp-json\/wp\/v2\/comments?post=35607"}],"version-history":[{"count":1,"href":"https:\/\/www.almargenweb.com.ar\/web\/wp-json\/wp\/v2\/posts\/35607\/revisions"}],"predecessor-version":[{"id":35609,"href":"https:\/\/www.almargenweb.com.ar\/web\/wp-json\/wp\/v2\/posts\/35607\/revisions\/35609"}],"wp:featuredmedia":[{"embeddable":true,"href":"https:\/\/www.almargenweb.com.ar\/web\/wp-json\/wp\/v2\/media\/35603"}],"wp:attachment":[{"href":"https:\/\/www.almargenweb.com.ar\/web\/wp-json\/wp\/v2\/media?parent=35607"}],"wp:term":[{"taxonomy":"category","embeddable":true,"href":"https:\/\/www.almargenweb.com.ar\/web\/wp-json\/wp\/v2\/categories?post=35607"},{"taxonomy":"post_tag","embeddable":true,"href":"https:\/\/www.almargenweb.com.ar\/web\/wp-json\/wp\/v2\/tags?post=35607"}],"curies":[{"name":"wp","href":"https:\/\/api.w.org\/{rel}","templated":true}]}}