{"id":35592,"date":"2021-08-05T10:20:48","date_gmt":"2021-08-05T13:20:48","guid":{"rendered":"http:\/\/www.almargenweb.com.ar\/web\/?p=35592"},"modified":"2021-08-05T10:20:49","modified_gmt":"2021-08-05T13:20:49","slug":"drama-educativo-una-automotriz-ofrece-puestos-de-trabajo-y-no-encuentran-jovenes-con-el-secundario-completo","status":"publish","type":"post","link":"https:\/\/www.almargenweb.com.ar\/web\/drama-educativo-una-automotriz-ofrece-puestos-de-trabajo-y-no-encuentran-jovenes-con-el-secundario-completo\/","title":{"rendered":"Drama educativo: una automotriz ofrece puestos de trabajo y no encuentran j\u00f3venes con el secundario completo"},"content":{"rendered":"\n<p>El mi\u00e9rcoles pasado, el titular de Toyota Argentina asegur\u00f3 que la automotriz necesita 200 nuevos trabajadores, pero se enfrenta a un problema: la mayor\u00eda de los candidatos no cuenta con el secundario completo; requisito minimo para el ingreso a planta permanente.<\/p>\n\n\n\n<p>En un contexto de crisis econ\u00f3mica, escasez de oportunidades, ca\u00edda de los puestos disponibles y estad\u00edsticas preocupantes de deserci\u00f3n estudiantil: \u00bfcu\u00e1l es el estado actual de la educaci\u00f3n?<\/p>\n\n\n\n<p>Una encuesta realizada a principio de a\u00f1o por la consultora Randstad arroj\u00f3 que aquellos que cuentan con estudios incompletos son a\u00fan m\u00e1s propensos a caer en la informalidad. <\/p>\n\n\n\n<p>Antes de la pandemia, solo la mitad de los adolescentes que ingresaban a la escuela secundaria lograban terminarla. De esos egresados, solo el 27 % lo hace en la edad esperada: el resto, repite al menos una vez. Otro 15 % obtendr\u00e1 su t\u00edtulo m\u00e1s tarde, a partir de programas de terminalidad educativa para j\u00f3venes y adultos.<\/p>\n\n\n\n<figure class=\"wp-block-image size-large\"><img loading=\"lazy\" decoding=\"async\" width=\"720\" height=\"551\" src=\"https:\/\/www.almargenweb.com.ar\/web\/wp-content\/uploads\/2021\/08\/las-dificultades-de-buscar-y___E5IFTx7de_720x0__1.jpg\" alt=\"\" class=\"wp-image-35595\" srcset=\"https:\/\/www.almargenweb.com.ar\/web\/wp-content\/uploads\/2021\/08\/las-dificultades-de-buscar-y___E5IFTx7de_720x0__1.jpg 720w, https:\/\/www.almargenweb.com.ar\/web\/wp-content\/uploads\/2021\/08\/las-dificultades-de-buscar-y___E5IFTx7de_720x0__1-300x230.jpg 300w\" sizes=\"auto, (max-width: 720px) 100vw, 720px\" \/><figcaption>El Programa para la Evaluaci\u00f3n Internacional de Estudiantes (PISA) evidencio que 25 % de los adolescentes de 15 a\u00f1os con m\u00e1s recursos supera en al menos dos a\u00f1os la calidad de aprendizajes del 25 % m\u00e1s desfavorecido.<\/figcaption><\/figure>\n\n\n\n<p>La desigualdad socioecon\u00f3mica est\u00e1 en el ojo de la tormenta. Las \u00faltimas pruebas PISA evidenciaron que 25 % de los adolescentes de 15 a\u00f1os con m\u00e1s recursos supera en al menos dos a\u00f1os la calidad de aprendizajes del 25 % m\u00e1s desfavorecido.<\/p>\n\n\n\n<p>Muchos abandonan porque deben trabajar para compensar los ingresos del grupo familiar, porque no existen pol\u00edticas adecuadas para sostener la escolaridad de madres y padres adolescentes o por falta de incentivos. Se crea un c\u00edrculo vicioso, donde la exclusi\u00f3n pasa del \u00e1mbito educativo al laboral.<\/p>\n\n\n\n<p>En el fondo, lo que hay es una p\u00e9rdida de sentido de la escuela, porque tambi\u00e9n saben que, aunque se reciban, no hay trabajo para todos.<\/p>\n<!-- AddThis Advanced Settings generic via filter on the_content --><!-- AddThis Share Buttons generic via filter on the_content -->","protected":false},"excerpt":{"rendered":"<p>El mi\u00e9rcoles pasado, el titular de Toyota Argentina asegur\u00f3 que la automotriz necesita 200 nuevos trabajadores, [&hellip;]<!-- AddThis Advanced Settings generic via filter on get_the_excerpt --><!-- AddThis Share Buttons generic via filter on get_the_excerpt --><\/p>\n","protected":false},"author":16,"featured_media":35594,"comment_status":"open","ping_status":"open","sticky":false,"template":"","format":"standard","meta":{"_seopress_robots_primary_cat":"none","_seopress_titles_title":"","_seopress_titles_desc":"","_seopress_robots_index":"","_themeisle_gutenberg_block_has_review":false,"footnotes":""},"categories":[2,164,9,15],"tags":[],"class_list":["post-35592","post","type-post","status-publish","format-standard","has-post-thumbnail","hentry","category-actualidad","category-ambiente","category-politica","category-salud"],"_links":{"self":[{"href":"https:\/\/www.almargenweb.com.ar\/web\/wp-json\/wp\/v2\/posts\/35592","targetHints":{"allow":["GET"]}}],"collection":[{"href":"https:\/\/www.almargenweb.com.ar\/web\/wp-json\/wp\/v2\/posts"}],"about":[{"href":"https:\/\/www.almargenweb.com.ar\/web\/wp-json\/wp\/v2\/types\/post"}],"author":[{"embeddable":true,"href":"https:\/\/www.almargenweb.com.ar\/web\/wp-json\/wp\/v2\/users\/16"}],"replies":[{"embeddable":true,"href":"https:\/\/www.almargenweb.com.ar\/web\/wp-json\/wp\/v2\/comments?post=35592"}],"version-history":[{"count":1,"href":"https:\/\/www.almargenweb.com.ar\/web\/wp-json\/wp\/v2\/posts\/35592\/revisions"}],"predecessor-version":[{"id":35596,"href":"https:\/\/www.almargenweb.com.ar\/web\/wp-json\/wp\/v2\/posts\/35592\/revisions\/35596"}],"wp:featuredmedia":[{"embeddable":true,"href":"https:\/\/www.almargenweb.com.ar\/web\/wp-json\/wp\/v2\/media\/35594"}],"wp:attachment":[{"href":"https:\/\/www.almargenweb.com.ar\/web\/wp-json\/wp\/v2\/media?parent=35592"}],"wp:term":[{"taxonomy":"category","embeddable":true,"href":"https:\/\/www.almargenweb.com.ar\/web\/wp-json\/wp\/v2\/categories?post=35592"},{"taxonomy":"post_tag","embeddable":true,"href":"https:\/\/www.almargenweb.com.ar\/web\/wp-json\/wp\/v2\/tags?post=35592"}],"curies":[{"name":"wp","href":"https:\/\/api.w.org\/{rel}","templated":true}]}}