{"id":35579,"date":"2021-08-03T10:47:03","date_gmt":"2021-08-03T13:47:03","guid":{"rendered":"http:\/\/www.almargenweb.com.ar\/web\/?p=35579"},"modified":"2021-08-03T10:47:04","modified_gmt":"2021-08-03T13:47:04","slug":"es-importante-tener-la-segunda-dosis-ya-que-advierten-que-es-inevitable-que-la-variante-delta-tenga-circulacion-comunitaria","status":"publish","type":"post","link":"https:\/\/www.almargenweb.com.ar\/web\/es-importante-tener-la-segunda-dosis-ya-que-advierten-que-es-inevitable-que-la-variante-delta-tenga-circulacion-comunitaria\/","title":{"rendered":"Es importante tener la segunda dosis ya que advierten que &#8220;es inevitable que la variante Delta tenga circulaci\u00f3n comunitaria&#8221;"},"content":{"rendered":"\n<p>El investigador del Conicet, Guillermo Docena, se\u00f1al\u00f3 este martes que &#8220;es inevitable que la variante Delta tenga circulaci\u00f3n comunitaria&#8221; y que por eso, &#8220;hay que volver a reforzar la toma de conciencia en la poblaci\u00f3n&#8221; acerca del riesgo del coronavirus.<\/p>\n\n\n\n<p>&#8220;La variante Delta sabemos que tiene mayor poder de trasmisi\u00f3n, no podemos asegurar que trae m\u00e1s hospitalizaciones, y ya est\u00e1 en nuestro pa\u00eds&#8221;, indic\u00f3 el director del Instituto de Estudios Inmunol\u00f3gicos y Fisiopatol\u00f3gicos (IIFP).<\/p>\n\n\n\n<p>Agreg\u00f3 que &#8220;es probable que esta nueva variante est\u00e9 diseminada en distintos puntos porque ha entrado por distintos lugares&#8221;.<\/p>\n\n\n\n<p>&#8220;Sabemos de viajeros que se han dirigido a provincias, en C\u00f3rdoba, en Salta o Jujuy, y es probable que se est\u00e9 trasmitiendo y es inevitable que tenga transmisi\u00f3n comunitaria en nuestro pa\u00eds&#8221;, complet\u00f3.<\/p>\n\n\n\n<p>El vir\u00f3logo, quien integra el proyecto de la ARGENVAC221, vacuna argentina contra la Covid-19, consider\u00f3 que ya ha pasado con otras variantes a inicio del a\u00f1o en el pa\u00eds, y ahora habr\u00e1 que ver como la Delta &#8220;desplaza a las otras variantes y nuevamente se repite la historia&#8221;.<\/p>\n\n\n\n<p>Al ser consultado sobre la combinaci\u00f3n de vacunas, cuyos ensayos se est\u00e1n realizando tambi\u00e9n en la provincia de Buenos Aires, el especialista dijo que &#8220;si el estudio de la combinaci\u00f3n de vacunas da igual o mayor protecci\u00f3n, se va a empezar a implementar porque ayudar\u00e1 a completar los esquemas de vacunaci\u00f3n&#8221;.<\/p>\n<!-- AddThis Advanced Settings generic via filter on the_content --><!-- AddThis Share Buttons generic via filter on the_content -->","protected":false},"excerpt":{"rendered":"<p>El investigador del Conicet, Guillermo Docena, se\u00f1al\u00f3 este martes que &#8220;es inevitable que la variante Delta [&hellip;]<!-- AddThis Advanced Settings generic via filter on get_the_excerpt --><!-- AddThis Share Buttons generic via filter on get_the_excerpt --><\/p>\n","protected":false},"author":16,"featured_media":35581,"comment_status":"open","ping_status":"open","sticky":false,"template":"","format":"standard","meta":{"_seopress_robots_primary_cat":"none","_seopress_titles_title":"","_seopress_titles_desc":"","_seopress_robots_index":"","_themeisle_gutenberg_block_has_review":false,"footnotes":""},"categories":[2,164,47,140,9,15],"tags":[],"class_list":["post-35579","post","type-post","status-publish","format-standard","has-post-thumbnail","hentry","category-actualidad","category-ambiente","category-locales","category-nacionales","category-politica","category-salud"],"_links":{"self":[{"href":"https:\/\/www.almargenweb.com.ar\/web\/wp-json\/wp\/v2\/posts\/35579","targetHints":{"allow":["GET"]}}],"collection":[{"href":"https:\/\/www.almargenweb.com.ar\/web\/wp-json\/wp\/v2\/posts"}],"about":[{"href":"https:\/\/www.almargenweb.com.ar\/web\/wp-json\/wp\/v2\/types\/post"}],"author":[{"embeddable":true,"href":"https:\/\/www.almargenweb.com.ar\/web\/wp-json\/wp\/v2\/users\/16"}],"replies":[{"embeddable":true,"href":"https:\/\/www.almargenweb.com.ar\/web\/wp-json\/wp\/v2\/comments?post=35579"}],"version-history":[{"count":1,"href":"https:\/\/www.almargenweb.com.ar\/web\/wp-json\/wp\/v2\/posts\/35579\/revisions"}],"predecessor-version":[{"id":35582,"href":"https:\/\/www.almargenweb.com.ar\/web\/wp-json\/wp\/v2\/posts\/35579\/revisions\/35582"}],"wp:featuredmedia":[{"embeddable":true,"href":"https:\/\/www.almargenweb.com.ar\/web\/wp-json\/wp\/v2\/media\/35581"}],"wp:attachment":[{"href":"https:\/\/www.almargenweb.com.ar\/web\/wp-json\/wp\/v2\/media?parent=35579"}],"wp:term":[{"taxonomy":"category","embeddable":true,"href":"https:\/\/www.almargenweb.com.ar\/web\/wp-json\/wp\/v2\/categories?post=35579"},{"taxonomy":"post_tag","embeddable":true,"href":"https:\/\/www.almargenweb.com.ar\/web\/wp-json\/wp\/v2\/tags?post=35579"}],"curies":[{"name":"wp","href":"https:\/\/api.w.org\/{rel}","templated":true}]}}