{"id":35571,"date":"2021-08-02T11:56:40","date_gmt":"2021-08-02T14:56:40","guid":{"rendered":"http:\/\/www.almargenweb.com.ar\/web\/?p=35571"},"modified":"2021-08-02T11:56:40","modified_gmt":"2021-08-02T14:56:40","slug":"franck-se-perfila-como-ejemplo-de-compromiso-ambiental-en-el-departamento-las-colonias","status":"publish","type":"post","link":"https:\/\/www.almargenweb.com.ar\/web\/franck-se-perfila-como-ejemplo-de-compromiso-ambiental-en-el-departamento-las-colonias\/","title":{"rendered":"Franck se perfila como ejemplo de compromiso ambiental, en el departamento Las Colonias"},"content":{"rendered":"\n<p>La vecina localidad de Franck, en el departamento las Colonia, incorpora mejoras ambientales que permiten vincular la cotidianidad con la educaci\u00f3n medioambiental de sus vecinos.<\/p>\n\n\n\n<p>Nicol\u00e1s Garello es licenciado en biodiversidad, realiza estudios e investigaciones para el CONICET. Su mas reciente trabajo se relaciona con la contaminaci\u00f3n por pl\u00e1stico, del R\u00edo Paran\u00e1 y su biota acu\u00e1tica.<\/p>\n\n\n\n<p>Garello fue recibido por el vicepresidente comunal Damian Franzen, que junto al director de gesti\u00f3n ambiental Mario de Piante, repasaron la administraci\u00f3n medioambiental que lleva adelante la comuna de Franck, junto a diversas empresas de esa localidad.<\/p>\n\n\n\n<p>&#8220;Las ploticas medioambientales, que Franck implementa, a trav\u00e9s de su gesti\u00f3n, generan un mayor compromiso con el cuidado de nuestro ambiente&#8221; declaro Garello.<\/p>\n<!-- AddThis Advanced Settings generic via filter on the_content --><!-- AddThis Share Buttons generic via filter on the_content -->","protected":false},"excerpt":{"rendered":"<p>La vecina localidad de Franck, en el departamento las Colonia, incorpora mejoras ambientales que permiten vincular [&hellip;]<!-- AddThis Advanced Settings generic via filter on get_the_excerpt --><!-- AddThis Share Buttons generic via filter on get_the_excerpt --><\/p>\n","protected":false},"author":16,"featured_media":35573,"comment_status":"open","ping_status":"open","sticky":false,"template":"","format":"standard","meta":{"_seopress_robots_primary_cat":"none","_seopress_titles_title":"","_seopress_titles_desc":"","_seopress_robots_index":"","_themeisle_gutenberg_block_has_review":false,"footnotes":""},"categories":[2,164,19,21,9,29],"tags":[],"class_list":["post-35571","post","type-post","status-publish","format-standard","has-post-thumbnail","hentry","category-actualidad","category-ambiente","category-educacion","category-las-colonias","category-politica","category-regionales"],"_links":{"self":[{"href":"https:\/\/www.almargenweb.com.ar\/web\/wp-json\/wp\/v2\/posts\/35571","targetHints":{"allow":["GET"]}}],"collection":[{"href":"https:\/\/www.almargenweb.com.ar\/web\/wp-json\/wp\/v2\/posts"}],"about":[{"href":"https:\/\/www.almargenweb.com.ar\/web\/wp-json\/wp\/v2\/types\/post"}],"author":[{"embeddable":true,"href":"https:\/\/www.almargenweb.com.ar\/web\/wp-json\/wp\/v2\/users\/16"}],"replies":[{"embeddable":true,"href":"https:\/\/www.almargenweb.com.ar\/web\/wp-json\/wp\/v2\/comments?post=35571"}],"version-history":[{"count":1,"href":"https:\/\/www.almargenweb.com.ar\/web\/wp-json\/wp\/v2\/posts\/35571\/revisions"}],"predecessor-version":[{"id":35574,"href":"https:\/\/www.almargenweb.com.ar\/web\/wp-json\/wp\/v2\/posts\/35571\/revisions\/35574"}],"wp:featuredmedia":[{"embeddable":true,"href":"https:\/\/www.almargenweb.com.ar\/web\/wp-json\/wp\/v2\/media\/35573"}],"wp:attachment":[{"href":"https:\/\/www.almargenweb.com.ar\/web\/wp-json\/wp\/v2\/media?parent=35571"}],"wp:term":[{"taxonomy":"category","embeddable":true,"href":"https:\/\/www.almargenweb.com.ar\/web\/wp-json\/wp\/v2\/categories?post=35571"},{"taxonomy":"post_tag","embeddable":true,"href":"https:\/\/www.almargenweb.com.ar\/web\/wp-json\/wp\/v2\/tags?post=35571"}],"curies":[{"name":"wp","href":"https:\/\/api.w.org\/{rel}","templated":true}]}}