{"id":35562,"date":"2021-07-31T09:37:51","date_gmt":"2021-07-31T12:37:51","guid":{"rendered":"http:\/\/www.almargenweb.com.ar\/web\/?p=35562"},"modified":"2021-07-31T09:37:52","modified_gmt":"2021-07-31T12:37:52","slug":"dolor-de-bolsillo-el-gobierno-autorizo-aumento-del-41-para-la-medicina-prepaga","status":"publish","type":"post","link":"https:\/\/www.almargenweb.com.ar\/web\/dolor-de-bolsillo-el-gobierno-autorizo-aumento-del-41-para-la-medicina-prepaga\/","title":{"rendered":"Dolor de bolsillo; el Gobierno autoriz\u00f3  aumento del 41% para la medicina prepaga"},"content":{"rendered":"\n<p>El gobierno autoriz\u00f3 este viernes cuatro aumentos del 9 por ciento para las empresas de medicina prepaga, tres de los cuales se aplicar\u00e1n este a\u00f1o y uno en enero de 2022.<\/p>\n\n\n\n<p> Esta medida gener\u00f3 pol\u00e9mica por el impacto que puede llegar a tener sobre el \u00edndice de precios y, sobre todo, en el bolsillo de los y las trabajadoras.<\/p>\n\n\n\n<p>Seg\u00fan consta en la resoluci\u00f3n 2125\/2021 publicada en el Bolet\u00edn Oficial, los primeros tres aumentos se aplicar\u00e1n de manera consecutiva y acumulada en los meses de agosto, septiembre y octubre; y luego habr\u00e1 una \u00faltima suba en enero del a\u00f1o que viene.<\/p>\n\n\n\n<p>Contando las subas autorizadas de 3,5 por ciento en marzo, 4,5 por ciento en abril y 5,5 por ciento en mayo, las compa\u00f1\u00edas terminar\u00e1n por ajustar sus cuotas en<strong>&nbsp;<\/strong>47,8 por ciento&nbsp;hacia fin de a\u00f1o. Con el de enero de 2022,&nbsp;llegar\u00e1 al 61,1%&nbsp;de aumento&nbsp;acumulado en menos de un a\u00f1o.<\/p>\n\n\n\n<p>&#8220;El incremento aprobado no compensa la inflaci\u00f3n acumulada para este periodo, pero los aumentos aprobados desde 2016 a 2019, acumulan m\u00e1s que la inflaci\u00f3n para el mismo periodo&#8221;, asegura al respecto la economista directora de CEPA Julia Strada.<\/p>\n<!-- AddThis Advanced Settings generic via filter on the_content --><!-- AddThis Share Buttons generic via filter on the_content -->","protected":false},"excerpt":{"rendered":"<p>El gobierno autoriz\u00f3 este viernes cuatro aumentos del 9 por ciento para las empresas de medicina [&hellip;]<!-- AddThis Advanced Settings generic via filter on get_the_excerpt --><!-- AddThis Share Buttons generic via filter on get_the_excerpt --><\/p>\n","protected":false},"author":16,"featured_media":35564,"comment_status":"open","ping_status":"open","sticky":false,"template":"","format":"standard","meta":{"_seopress_robots_primary_cat":"none","_seopress_titles_title":"","_seopress_titles_desc":"","_seopress_robots_index":"","_themeisle_gutenberg_block_has_review":false,"footnotes":""},"categories":[2,5,9,15],"tags":[],"class_list":["post-35562","post","type-post","status-publish","format-standard","has-post-thumbnail","hentry","category-actualidad","category-economia","category-politica","category-salud"],"_links":{"self":[{"href":"https:\/\/www.almargenweb.com.ar\/web\/wp-json\/wp\/v2\/posts\/35562","targetHints":{"allow":["GET"]}}],"collection":[{"href":"https:\/\/www.almargenweb.com.ar\/web\/wp-json\/wp\/v2\/posts"}],"about":[{"href":"https:\/\/www.almargenweb.com.ar\/web\/wp-json\/wp\/v2\/types\/post"}],"author":[{"embeddable":true,"href":"https:\/\/www.almargenweb.com.ar\/web\/wp-json\/wp\/v2\/users\/16"}],"replies":[{"embeddable":true,"href":"https:\/\/www.almargenweb.com.ar\/web\/wp-json\/wp\/v2\/comments?post=35562"}],"version-history":[{"count":1,"href":"https:\/\/www.almargenweb.com.ar\/web\/wp-json\/wp\/v2\/posts\/35562\/revisions"}],"predecessor-version":[{"id":35565,"href":"https:\/\/www.almargenweb.com.ar\/web\/wp-json\/wp\/v2\/posts\/35562\/revisions\/35565"}],"wp:featuredmedia":[{"embeddable":true,"href":"https:\/\/www.almargenweb.com.ar\/web\/wp-json\/wp\/v2\/media\/35564"}],"wp:attachment":[{"href":"https:\/\/www.almargenweb.com.ar\/web\/wp-json\/wp\/v2\/media?parent=35562"}],"wp:term":[{"taxonomy":"category","embeddable":true,"href":"https:\/\/www.almargenweb.com.ar\/web\/wp-json\/wp\/v2\/categories?post=35562"},{"taxonomy":"post_tag","embeddable":true,"href":"https:\/\/www.almargenweb.com.ar\/web\/wp-json\/wp\/v2\/tags?post=35562"}],"curies":[{"name":"wp","href":"https:\/\/api.w.org\/{rel}","templated":true}]}}