{"id":35551,"date":"2021-07-30T11:10:03","date_gmt":"2021-07-30T14:10:03","guid":{"rendered":"http:\/\/www.almargenweb.com.ar\/web\/?p=35551"},"modified":"2021-07-30T11:10:04","modified_gmt":"2021-07-30T14:10:04","slug":"salud-y-la-necesidad-de-poner-un-recreo-para-el-paladar-extra-endulzado","status":"publish","type":"post","link":"https:\/\/www.almargenweb.com.ar\/web\/salud-y-la-necesidad-de-poner-un-recreo-para-el-paladar-extra-endulzado\/","title":{"rendered":"Salud y la necesidad de poner un recreo para el paladar extra endulzado"},"content":{"rendered":"\n<p>los profesionales vinculados a la nutrici\u00f3n proponen que la gente tome conciencia sobre la cantidad de alimentos que se consumen a diario que tienen una carga excesiva de az\u00facar, lo que lleva a que cada persona supere largamente las cantidades diarias establecida por la OMS como par\u00e1metro de una alimentaci\u00f3n balanceada y saludable.<\/p>\n\n\n\n<p>Advierten que las cantidades excesivas de az\u00facar &#8220;provocan enfermedades como la obesidad, la diabetes y problemas card\u00edacos que constituyen la primera causa de muerte en la Argentina&#8221;.<\/p>\n\n\n\n<p>Uno de los problemas es que el az\u00facar est\u00e1 &#8220;oculta&#8221; en muchas de las comidas diarias e incluso est\u00e1 presente, de manera poco saludable, en productos que se suponen beneficiosos.<\/p>\n\n\n\n<figure class=\"wp-block-image size-large is-resized\"><img loading=\"lazy\" decoding=\"async\" src=\"https:\/\/www.almargenweb.com.ar\/web\/wp-content\/uploads\/2021\/07\/alimento-nutricienta-yogur-natural-entero.jpg\" alt=\"\" class=\"wp-image-35553\" width=\"842\" height=\"561\" srcset=\"https:\/\/www.almargenweb.com.ar\/web\/wp-content\/uploads\/2021\/07\/alimento-nutricienta-yogur-natural-entero.jpg 662w, https:\/\/www.almargenweb.com.ar\/web\/wp-content\/uploads\/2021\/07\/alimento-nutricienta-yogur-natural-entero-300x200.jpg 300w\" sizes=\"auto, (max-width: 842px) 100vw, 842px\" \/><figcaption>Un yogur (entero) tiene m\u00e1s az\u00facar que la que debemos consumir en todo un d\u00eda. Uno de los problemas es que el az\u00facar est\u00e1 &#8220;oculta&#8221; en productos que se suponen beneficiosos.<\/figcaption><\/figure>\n\n\n\n<p>El Programa Nacional de Salud Escolar (tambi\u00e9n basado en un estudio de 2019) mostr\u00f3 un incremento del sobrepeso en chicos en edad escolar del 21 al 26,6%, la obesidad trep\u00f3 del 15,5% al 22,7% y una investigaci\u00f3n del Cesni (Centro de Estudios sobre Nutrici\u00f3n Infantil) reflej\u00f3 que uno de cada tres menores tiene sobrepeso.<\/p>\n\n\n\n<p>Segun un estudio, de cada 10 argentinos adultos, 7 tienen sobrepeso u obesidad &#8220;y esos son datos de encuestas nacionales prepandemia&#8221;, dijo la presidenta del Colegio de Nutricion y advirti\u00f3 que est\u00e1 demostrado que &#8220;durante la epidemia de Covid mucha m\u00e1s gente subi\u00f3 de peso y muchos entraron en obesidad&#8221;.<\/p>\n\n\n\n<p>Se necesitan cambios de conducta, reaprender a relacionarse con los alimentos, desacostumbrar el paladar a lo salado o a lo azucarado y eso no significa pasar hambre. Para lograrlo, la reeducaci\u00f3n es la clave y tambi\u00e9n lo es la educaci\u00f3n alimentaria en los m\u00e1s chiquitos.<\/p>\n<!-- AddThis Advanced Settings generic via filter on the_content --><!-- AddThis Share Buttons generic via filter on the_content -->","protected":false},"excerpt":{"rendered":"<p>los profesionales vinculados a la nutrici\u00f3n proponen que la gente tome conciencia sobre la cantidad de [&hellip;]<!-- AddThis Advanced Settings generic via filter on get_the_excerpt --><!-- AddThis Share Buttons generic via filter on get_the_excerpt --><\/p>\n","protected":false},"author":16,"featured_media":35554,"comment_status":"open","ping_status":"open","sticky":false,"template":"","format":"standard","meta":{"_seopress_robots_primary_cat":"none","_seopress_titles_title":"","_seopress_titles_desc":"","_seopress_robots_index":"","_themeisle_gutenberg_block_has_review":false,"footnotes":""},"categories":[2,164,19,15],"tags":[],"class_list":["post-35551","post","type-post","status-publish","format-standard","has-post-thumbnail","hentry","category-actualidad","category-ambiente","category-educacion","category-salud"],"_links":{"self":[{"href":"https:\/\/www.almargenweb.com.ar\/web\/wp-json\/wp\/v2\/posts\/35551","targetHints":{"allow":["GET"]}}],"collection":[{"href":"https:\/\/www.almargenweb.com.ar\/web\/wp-json\/wp\/v2\/posts"}],"about":[{"href":"https:\/\/www.almargenweb.com.ar\/web\/wp-json\/wp\/v2\/types\/post"}],"author":[{"embeddable":true,"href":"https:\/\/www.almargenweb.com.ar\/web\/wp-json\/wp\/v2\/users\/16"}],"replies":[{"embeddable":true,"href":"https:\/\/www.almargenweb.com.ar\/web\/wp-json\/wp\/v2\/comments?post=35551"}],"version-history":[{"count":1,"href":"https:\/\/www.almargenweb.com.ar\/web\/wp-json\/wp\/v2\/posts\/35551\/revisions"}],"predecessor-version":[{"id":35555,"href":"https:\/\/www.almargenweb.com.ar\/web\/wp-json\/wp\/v2\/posts\/35551\/revisions\/35555"}],"wp:featuredmedia":[{"embeddable":true,"href":"https:\/\/www.almargenweb.com.ar\/web\/wp-json\/wp\/v2\/media\/35554"}],"wp:attachment":[{"href":"https:\/\/www.almargenweb.com.ar\/web\/wp-json\/wp\/v2\/media?parent=35551"}],"wp:term":[{"taxonomy":"category","embeddable":true,"href":"https:\/\/www.almargenweb.com.ar\/web\/wp-json\/wp\/v2\/categories?post=35551"},{"taxonomy":"post_tag","embeddable":true,"href":"https:\/\/www.almargenweb.com.ar\/web\/wp-json\/wp\/v2\/tags?post=35551"}],"curies":[{"name":"wp","href":"https:\/\/api.w.org\/{rel}","templated":true}]}}