{"id":35529,"date":"2021-07-28T09:30:24","date_gmt":"2021-07-28T12:30:24","guid":{"rendered":"http:\/\/www.almargenweb.com.ar\/web\/?p=35529"},"modified":"2021-07-28T09:30:26","modified_gmt":"2021-07-28T12:30:26","slug":"suba-de-la-canasta-basica-mas-harinas-mas-pollo-y-menos-lacteos-la-forma-de-estirar-los-ingresos","status":"publish","type":"post","link":"https:\/\/www.almargenweb.com.ar\/web\/suba-de-la-canasta-basica-mas-harinas-mas-pollo-y-menos-lacteos-la-forma-de-estirar-los-ingresos\/","title":{"rendered":"Suba de la canasta b\u00e1sica;  m\u00e1s harinas, m\u00e1s pollo y menos l\u00e1cteos, la forma de \u201cestirar\u201d los ingresos"},"content":{"rendered":"\n<p>El impacto econ\u00f3mico de la pandemia, de las cuarentenas y la inflaci\u00f3n complicaron cada vez m\u00e1s las opciones con consecuencias para la salud que tambi\u00e9n presionar\u00e1n sobre los costos del sistema.<\/p>\n\n\n\n<p>Seg\u00fan la canasta b\u00e1sica alimentaria del Indec, en junio se necesitaron $28.414 para alcanzar el conjunto de alimentos m\u00ednimos para la subsistencia (y no caer en la indigencia), $4000 por encima de un salario m\u00ednimo.<\/p>\n\n\n\n<p>M\u00e1s fideos, menos leche, m\u00e1s alitas de pollo, casi nada de carne, poca variedad de verduras y frutas y comedores populares es el combo al que echan mano para poder comer las familias argentinas con menos ingresos.<\/p>\n\n\n\n<p>La malnutrici\u00f3n se puede dar tanto por carencia de alimentaci\u00f3n (desnutrici\u00f3n) como por exceso; por ejemplo, mediante el consumo de alimentos poco saludables, pero m\u00e1s accesibles. <\/p>\n\n\n\n<p>Acceder a una alimentaci\u00f3n adecuada en cantidad, pero tambi\u00e9n en calidad, es una condici\u00f3n necesaria para el desarrollo pleno de las personas. En este sentido, la canasta del Indec es insuficiente como recomendaci\u00f3n nutricional, obsoleta como medici\u00f3n de pobreza e inadecuada como medida de ingreso de referencia.<\/p>\n\n\n\n<p>El Cippec describe que la incidencia hist\u00f3rica de la pobreza muestra un piso dif\u00edcil de perforar: en los \u00faltimos 30 a\u00f1os, la tasa medida por ingresos nunca fue menor al 25% de las personas; la pobreza cr\u00f3nica es de alrededor del 10%.<\/p>\n<!-- AddThis Advanced Settings generic via filter on the_content --><!-- AddThis Share Buttons generic via filter on the_content -->","protected":false},"excerpt":{"rendered":"<p>El impacto econ\u00f3mico de la pandemia, de las cuarentenas y la inflaci\u00f3n complicaron cada vez m\u00e1s [&hellip;]<!-- AddThis Advanced Settings generic via filter on get_the_excerpt --><!-- AddThis Share Buttons generic via filter on get_the_excerpt --><\/p>\n","protected":false},"author":16,"featured_media":35531,"comment_status":"open","ping_status":"open","sticky":false,"template":"","format":"standard","meta":{"_seopress_robots_primary_cat":"none","_seopress_titles_title":"","_seopress_titles_desc":"","_seopress_robots_index":"","_themeisle_gutenberg_block_has_review":false,"footnotes":""},"categories":[2,164,5,140,9,15],"tags":[],"class_list":["post-35529","post","type-post","status-publish","format-standard","has-post-thumbnail","hentry","category-actualidad","category-ambiente","category-economia","category-nacionales","category-politica","category-salud"],"_links":{"self":[{"href":"https:\/\/www.almargenweb.com.ar\/web\/wp-json\/wp\/v2\/posts\/35529","targetHints":{"allow":["GET"]}}],"collection":[{"href":"https:\/\/www.almargenweb.com.ar\/web\/wp-json\/wp\/v2\/posts"}],"about":[{"href":"https:\/\/www.almargenweb.com.ar\/web\/wp-json\/wp\/v2\/types\/post"}],"author":[{"embeddable":true,"href":"https:\/\/www.almargenweb.com.ar\/web\/wp-json\/wp\/v2\/users\/16"}],"replies":[{"embeddable":true,"href":"https:\/\/www.almargenweb.com.ar\/web\/wp-json\/wp\/v2\/comments?post=35529"}],"version-history":[{"count":1,"href":"https:\/\/www.almargenweb.com.ar\/web\/wp-json\/wp\/v2\/posts\/35529\/revisions"}],"predecessor-version":[{"id":35532,"href":"https:\/\/www.almargenweb.com.ar\/web\/wp-json\/wp\/v2\/posts\/35529\/revisions\/35532"}],"wp:featuredmedia":[{"embeddable":true,"href":"https:\/\/www.almargenweb.com.ar\/web\/wp-json\/wp\/v2\/media\/35531"}],"wp:attachment":[{"href":"https:\/\/www.almargenweb.com.ar\/web\/wp-json\/wp\/v2\/media?parent=35529"}],"wp:term":[{"taxonomy":"category","embeddable":true,"href":"https:\/\/www.almargenweb.com.ar\/web\/wp-json\/wp\/v2\/categories?post=35529"},{"taxonomy":"post_tag","embeddable":true,"href":"https:\/\/www.almargenweb.com.ar\/web\/wp-json\/wp\/v2\/tags?post=35529"}],"curies":[{"name":"wp","href":"https:\/\/api.w.org\/{rel}","templated":true}]}}