{"id":35524,"date":"2021-07-27T09:55:35","date_gmt":"2021-07-27T12:55:35","guid":{"rendered":"http:\/\/www.almargenweb.com.ar\/web\/?p=35524"},"modified":"2021-07-27T09:55:36","modified_gmt":"2021-07-27T12:55:36","slug":"alerta-meteorologico-para-toda-la-region-central-del-pais-por-la-ola-de-frio-que-ingresa-a-brasil-y-puede-ser-la-mas-intensa-del-siglo","status":"publish","type":"post","link":"https:\/\/www.almargenweb.com.ar\/web\/alerta-meteorologico-para-toda-la-region-central-del-pais-por-la-ola-de-frio-que-ingresa-a-brasil-y-puede-ser-la-mas-intensa-del-siglo\/","title":{"rendered":"Alerta meteorol\u00f3gico para toda la regi\u00f3n central del pa\u00eds, por la ola de fr\u00edo que ingresa a Brasil y puede ser la m\u00e1s intensa del siglo"},"content":{"rendered":"\n<p>Una intensa masa de aire polar ingresar\u00e1 al sur de Brasil en los pr\u00f3ximos d\u00edas, lo que provocar\u00e1 una enorme ca\u00edda de temperatura con un registro que podr\u00eda rozar los menos 6 grados, una alta probabilidad de nieve y la posibilidad de d\u00edas inusualmente helados.<\/p>\n\n\n\n<p>Una masa de aire fr\u00edo de alta intensidad de origen polar invadir\u00e1 Brasil entre el martes y mi\u00e9rcoles y tiene el potencial de ser una de las m\u00e1s intensas de este siglo.<\/p>\n\n\n\n<p>La presencia de nubes, adem\u00e1s, en algunos d\u00edas puede provocar que algunas ciudades brasileras, de mayor altitud tengan temperaturas bajo cero todo el d\u00eda con m\u00e1ximas en terreno negativo.<\/p>\n\n\n\n<figure class=\"wp-block-image size-large is-resized\"><img loading=\"lazy\" decoding=\"async\" src=\"https:\/\/www.almargenweb.com.ar\/web\/wp-content\/uploads\/2021\/07\/347398w770h1200.jpg\" alt=\"\" class=\"wp-image-35527\" width=\"840\" height=\"439\" srcset=\"https:\/\/www.almargenweb.com.ar\/web\/wp-content\/uploads\/2021\/07\/347398w770h1200.jpg 770w, https:\/\/www.almargenweb.com.ar\/web\/wp-content\/uploads\/2021\/07\/347398w770h1200-300x157.jpg 300w, https:\/\/www.almargenweb.com.ar\/web\/wp-content\/uploads\/2021\/07\/347398w770h1200-768x401.jpg 768w\" sizes=\"auto, (max-width: 840px) 100vw, 840px\" \/><figcaption>MetSul Meteorolog\u00eda, uno de los principales generadores de contenido de informaci\u00f3n meteorol\u00f3gica del Cono Sur, inform\u00f3 que puede repercutir en Argentina<\/figcaption><\/figure>\n\n\n\n<p>El fr\u00edo que sufre Brasil podr\u00eda tener su correlato en Argentina. Aunque las temperaturas no ser\u00e1n tan bajas como en el pa\u00eds vecino, el Sistema Meteorol\u00f3gico Nacional (SMN) pronostic\u00f3 que la semana que viene el \u00e1rea metropolitana tendr\u00e1 m\u00ednimos de entre 3 y 4 grados y m\u00e1ximos de no m\u00e1s de 17.<\/p>\n<!-- AddThis Advanced Settings generic via filter on the_content --><!-- AddThis Share Buttons generic via filter on the_content -->","protected":false},"excerpt":{"rendered":"<p>Una intensa masa de aire polar ingresar\u00e1 al sur de Brasil en los pr\u00f3ximos d\u00edas, lo [&hellip;]<!-- AddThis Advanced Settings generic via filter on get_the_excerpt --><!-- AddThis Share Buttons generic via filter on get_the_excerpt --><\/p>\n","protected":false},"author":16,"featured_media":35526,"comment_status":"open","ping_status":"open","sticky":false,"template":"","format":"standard","meta":{"_seopress_robots_primary_cat":"none","_seopress_titles_title":"","_seopress_titles_desc":"","_seopress_robots_index":"","_themeisle_gutenberg_block_has_review":false,"footnotes":""},"categories":[2,164,15],"tags":[],"class_list":["post-35524","post","type-post","status-publish","format-standard","has-post-thumbnail","hentry","category-actualidad","category-ambiente","category-salud"],"_links":{"self":[{"href":"https:\/\/www.almargenweb.com.ar\/web\/wp-json\/wp\/v2\/posts\/35524","targetHints":{"allow":["GET"]}}],"collection":[{"href":"https:\/\/www.almargenweb.com.ar\/web\/wp-json\/wp\/v2\/posts"}],"about":[{"href":"https:\/\/www.almargenweb.com.ar\/web\/wp-json\/wp\/v2\/types\/post"}],"author":[{"embeddable":true,"href":"https:\/\/www.almargenweb.com.ar\/web\/wp-json\/wp\/v2\/users\/16"}],"replies":[{"embeddable":true,"href":"https:\/\/www.almargenweb.com.ar\/web\/wp-json\/wp\/v2\/comments?post=35524"}],"version-history":[{"count":1,"href":"https:\/\/www.almargenweb.com.ar\/web\/wp-json\/wp\/v2\/posts\/35524\/revisions"}],"predecessor-version":[{"id":35528,"href":"https:\/\/www.almargenweb.com.ar\/web\/wp-json\/wp\/v2\/posts\/35524\/revisions\/35528"}],"wp:featuredmedia":[{"embeddable":true,"href":"https:\/\/www.almargenweb.com.ar\/web\/wp-json\/wp\/v2\/media\/35526"}],"wp:attachment":[{"href":"https:\/\/www.almargenweb.com.ar\/web\/wp-json\/wp\/v2\/media?parent=35524"}],"wp:term":[{"taxonomy":"category","embeddable":true,"href":"https:\/\/www.almargenweb.com.ar\/web\/wp-json\/wp\/v2\/categories?post=35524"},{"taxonomy":"post_tag","embeddable":true,"href":"https:\/\/www.almargenweb.com.ar\/web\/wp-json\/wp\/v2\/tags?post=35524"}],"curies":[{"name":"wp","href":"https:\/\/api.w.org\/{rel}","templated":true}]}}