{"id":35515,"date":"2021-07-26T10:58:01","date_gmt":"2021-07-26T13:58:01","guid":{"rendered":"http:\/\/www.almargenweb.com.ar\/web\/?p=35515"},"modified":"2021-07-26T10:58:02","modified_gmt":"2021-07-26T13:58:02","slug":"aseguran-que-llovera-cada-vez-menos-una-sequia-creciente-afectara-al-agro-en-los-proximos-meses","status":"publish","type":"post","link":"https:\/\/www.almargenweb.com.ar\/web\/aseguran-que-llovera-cada-vez-menos-una-sequia-creciente-afectara-al-agro-en-los-proximos-meses\/","title":{"rendered":"Aseguran que llover\u00e1 cada vez menos: una sequ\u00eda creciente afectar\u00e1 al agro en los pr\u00f3ximos meses"},"content":{"rendered":"\n<p>Los pron\u00f3sticos meteorol\u00f3gicos prev\u00e9n lluvias muy justas y probablemente escasas para lo que necesitar\u00e1n los cultivos en la Argentina durante los pr\u00f3ximos meses. <\/p>\n\n\n\n<p>Los modelos clim\u00e1ticos indican que, por ahora, se mantienen las condiciones de un evento ENSO neutral, lo que genera un nivel err\u00e1tico en las precipitaciones de Sudam\u00e9rica, en tanto que produce olas de calor en el hemisferio norte, con temperaturas extremas.<\/p>\n\n\n\n<p>La tendencia muestra temperaturas m\u00e1s afianzadas que en los meses previos y se prev\u00e9 que esa situaci\u00f3n se puede mantener en lo que resta del invierno y principios de la primavera.<\/p>\n\n\n\n<p>El enfriamiento de la temperatura del Pac\u00edfico central, lo que podr\u00eda desencadenar un evento La Ni\u00f1a, que podr\u00eda ejercer influencia sobre la campa\u00f1a de granos gruesos 2021\/22. La probabilidad de ocurrencia de este evento pas\u00f3 del 50% en junio a 65% en el mes actual.<\/p>\n<!-- AddThis Advanced Settings generic via filter on the_content --><!-- AddThis Share Buttons generic via filter on the_content -->","protected":false},"excerpt":{"rendered":"<p>Los pron\u00f3sticos meteorol\u00f3gicos prev\u00e9n lluvias muy justas y probablemente escasas para lo que necesitar\u00e1n los cultivos [&hellip;]<!-- AddThis Advanced Settings generic via filter on get_the_excerpt --><!-- AddThis Share Buttons generic via filter on get_the_excerpt --><\/p>\n","protected":false},"author":16,"featured_media":35517,"comment_status":"open","ping_status":"open","sticky":false,"template":"","format":"standard","meta":{"_seopress_robots_primary_cat":"none","_seopress_titles_title":"","_seopress_titles_desc":"","_seopress_robots_index":"","_themeisle_gutenberg_block_has_review":false,"footnotes":""},"categories":[2,164,5,9],"tags":[],"class_list":["post-35515","post","type-post","status-publish","format-standard","has-post-thumbnail","hentry","category-actualidad","category-ambiente","category-economia","category-politica"],"_links":{"self":[{"href":"https:\/\/www.almargenweb.com.ar\/web\/wp-json\/wp\/v2\/posts\/35515","targetHints":{"allow":["GET"]}}],"collection":[{"href":"https:\/\/www.almargenweb.com.ar\/web\/wp-json\/wp\/v2\/posts"}],"about":[{"href":"https:\/\/www.almargenweb.com.ar\/web\/wp-json\/wp\/v2\/types\/post"}],"author":[{"embeddable":true,"href":"https:\/\/www.almargenweb.com.ar\/web\/wp-json\/wp\/v2\/users\/16"}],"replies":[{"embeddable":true,"href":"https:\/\/www.almargenweb.com.ar\/web\/wp-json\/wp\/v2\/comments?post=35515"}],"version-history":[{"count":1,"href":"https:\/\/www.almargenweb.com.ar\/web\/wp-json\/wp\/v2\/posts\/35515\/revisions"}],"predecessor-version":[{"id":35518,"href":"https:\/\/www.almargenweb.com.ar\/web\/wp-json\/wp\/v2\/posts\/35515\/revisions\/35518"}],"wp:featuredmedia":[{"embeddable":true,"href":"https:\/\/www.almargenweb.com.ar\/web\/wp-json\/wp\/v2\/media\/35517"}],"wp:attachment":[{"href":"https:\/\/www.almargenweb.com.ar\/web\/wp-json\/wp\/v2\/media?parent=35515"}],"wp:term":[{"taxonomy":"category","embeddable":true,"href":"https:\/\/www.almargenweb.com.ar\/web\/wp-json\/wp\/v2\/categories?post=35515"},{"taxonomy":"post_tag","embeddable":true,"href":"https:\/\/www.almargenweb.com.ar\/web\/wp-json\/wp\/v2\/tags?post=35515"}],"curies":[{"name":"wp","href":"https:\/\/api.w.org\/{rel}","templated":true}]}}