{"id":35511,"date":"2021-07-23T07:56:13","date_gmt":"2021-07-23T10:56:13","guid":{"rendered":"http:\/\/www.almargenweb.com.ar\/web\/?p=35511"},"modified":"2021-07-23T07:56:14","modified_gmt":"2021-07-23T10:56:14","slug":"pullaro-no-se-entiende-que-perotti-no-defienda-los-intereses-de-santa-fe","status":"publish","type":"post","link":"https:\/\/www.almargenweb.com.ar\/web\/pullaro-no-se-entiende-que-perotti-no-defienda-los-intereses-de-santa-fe\/","title":{"rendered":"Pullaro \u201cNo se entiende que Perotti no defienda los intereses de Santa Fe\u201d"},"content":{"rendered":"\n<h2 class=\"wp-block-heading\">Maximiliano Pullaro es quien preside el bloque de la UCR en la C\u00e1mara de Diputados y es precandidato a senador nacional, estuvo en Esperanza junto a otros legisladores provinciales, para participar de la presentaci\u00f3n de Cristian Cammisi como candidato a concejal.<\/h2>\n\n\n\n<p>Acompa\u00f1ado del senador provincial Felipe Michlig, el ex vicegobernador Carlos Fascendini, la diputada Jimena Senn, y el concejal de Esperanza Rodrigo M\u00fcller, Pullaro record\u00f3 parte de la historia de la ciudad y su importancia en la historia Argentina. \u201cDesde ac\u00e1 sali\u00f3 la colonizaci\u00f3n agr\u00edcola del pa\u00eds, se plant\u00f3 la semilla de la Ley de Educaci\u00f3n Obligatoria y en la plaza de la ciudad se realiz\u00f3 el primer matrimonio civil. Tenemos que recuperar esa pujanza reconstruyendo la cultura del Trabajo y la Educaci\u00f3n\u201d.<\/p>\n\n\n\n<p>Pullaro se\u00f1al\u00f3 que \u201csomos parte de un proyecto de pa\u00eds, queremos ganarle al kirchnerismo ahora y en el 2023, en la provincia, en cada ciudad y en toda la Argentina. Queremos ganar estas elecciones para llegar al Senado nacional y defender a los santafesinos, algo que los senadores kirchneristas no hacen. Perotti y sus senadores no abren la boca, le tienen miedo a Cristina\u201d, a\u00f1adi\u00f3.<\/p>\n\n\n\n<p>Para el candidato a senador nacional, al gobernador Omar Perotti no se lo escucha hablar sobre el cierre de las exportaciones de carne, ni de la Ley de Biocombustible que &#8220;afectan a industrias santafesinas y por ende al trabajo de los santafesinos. No se entiende que Perotti no defienda los intereses de Santa Fe\u201d, enfatiz\u00f3 Pullaro.<\/p>\n\n\n\n<p>Por su parte el senador por el departamento San Crist\u00f3bal, Felipe Michlig sostuvo que: \u201cHoy el gobierno nacional y el provincial, que son del mismo signo partidario, est\u00e1n sumidos en una preocupante decadencia institucional, minados de medidas err\u00e1tica en la administraci\u00f3n de la pandemia, en decisiones econ\u00f3micas en el plano local como internacional que ponen en jaque a muchos sectores que cada vez la est\u00e1n pasando peor, que es lo que nos obliga a intentar poner un freno al gobierno kirchnerista\u201d.<\/p>\n\n\n\n<p><\/p>\n<!-- AddThis Advanced Settings generic via filter on the_content --><!-- AddThis Share Buttons generic via filter on the_content -->","protected":false},"excerpt":{"rendered":"<p>Maximiliano Pullaro es quien preside el bloque de la UCR en la C\u00e1mara de Diputados y [&hellip;]<!-- AddThis Advanced Settings generic via filter on get_the_excerpt --><!-- AddThis Share Buttons generic via filter on get_the_excerpt --><\/p>\n","protected":false},"author":16,"featured_media":35513,"comment_status":"open","ping_status":"open","sticky":false,"template":"","format":"standard","meta":{"_seopress_robots_primary_cat":"none","_seopress_titles_title":"","_seopress_titles_desc":"","_seopress_robots_index":"","_themeisle_gutenberg_block_has_review":false,"footnotes":""},"categories":[2,164,21,47,9,29],"tags":[],"class_list":["post-35511","post","type-post","status-publish","format-standard","has-post-thumbnail","hentry","category-actualidad","category-ambiente","category-las-colonias","category-locales","category-politica","category-regionales"],"_links":{"self":[{"href":"https:\/\/www.almargenweb.com.ar\/web\/wp-json\/wp\/v2\/posts\/35511","targetHints":{"allow":["GET"]}}],"collection":[{"href":"https:\/\/www.almargenweb.com.ar\/web\/wp-json\/wp\/v2\/posts"}],"about":[{"href":"https:\/\/www.almargenweb.com.ar\/web\/wp-json\/wp\/v2\/types\/post"}],"author":[{"embeddable":true,"href":"https:\/\/www.almargenweb.com.ar\/web\/wp-json\/wp\/v2\/users\/16"}],"replies":[{"embeddable":true,"href":"https:\/\/www.almargenweb.com.ar\/web\/wp-json\/wp\/v2\/comments?post=35511"}],"version-history":[{"count":1,"href":"https:\/\/www.almargenweb.com.ar\/web\/wp-json\/wp\/v2\/posts\/35511\/revisions"}],"predecessor-version":[{"id":35514,"href":"https:\/\/www.almargenweb.com.ar\/web\/wp-json\/wp\/v2\/posts\/35511\/revisions\/35514"}],"wp:featuredmedia":[{"embeddable":true,"href":"https:\/\/www.almargenweb.com.ar\/web\/wp-json\/wp\/v2\/media\/35513"}],"wp:attachment":[{"href":"https:\/\/www.almargenweb.com.ar\/web\/wp-json\/wp\/v2\/media?parent=35511"}],"wp:term":[{"taxonomy":"category","embeddable":true,"href":"https:\/\/www.almargenweb.com.ar\/web\/wp-json\/wp\/v2\/categories?post=35511"},{"taxonomy":"post_tag","embeddable":true,"href":"https:\/\/www.almargenweb.com.ar\/web\/wp-json\/wp\/v2\/tags?post=35511"}],"curies":[{"name":"wp","href":"https:\/\/api.w.org\/{rel}","templated":true}]}}