{"id":35494,"date":"2021-07-21T09:37:53","date_gmt":"2021-07-21T12:37:53","guid":{"rendered":"http:\/\/www.almargenweb.com.ar\/web\/?p=35494"},"modified":"2021-07-21T09:38:33","modified_gmt":"2021-07-21T12:38:33","slug":"muller-para-solucionar-la-problematica-hidrica-de-la-ciudad-necesitamos-un-programa-de-obras-serio-y-transparente","status":"publish","type":"post","link":"https:\/\/www.almargenweb.com.ar\/web\/muller-para-solucionar-la-problematica-hidrica-de-la-ciudad-necesitamos-un-programa-de-obras-serio-y-transparente\/","title":{"rendered":"M\u00fcller: \u201cpara solucionar la problem\u00e1tica  h\u00eddrica de la ciudad, necesitamos un programa de obras serio y transparente \u201d"},"content":{"rendered":"\n<h2 class=\"wp-block-heading\">\u201cLa actualizaci\u00f3n de los estudios h\u00eddricos de la ciudad, es un paso necesario para poder diagramar un plan de obras a mediano y largo plazo que resuelva esta problem\u00e1tica que sigue afectando en especial al centro y a muchos barrios de la ciudad\u201d, expres\u00f3 el concejal.<\/h2>\n\n\n\n<p>El concejal Rodrigo M\u00fcller se refiri\u00f3 a la problem\u00e1tica que sufren distintos barrios de la ciudad en los d\u00edas de abundantes precipitaciones. \u201cEs una situaci\u00f3n que no se resuelve de un d\u00eda para el otro sino que necesita de un trabajo serio a largo plazo\u201d, explic\u00f3 el concejal y luego a\u00f1adi\u00f3 que \u201ccomo primera medida, solicit\u00e9 que el ejecutivo municipal realice la actualizaci\u00f3n de los estudios h\u00eddricos para conocer en qu\u00e9 situaci\u00f3n nos encontramos\u201d.<\/p>\n\n\n\n<p>Al respecto, mencion\u00f3 que \u201clos estudios ser\u00e1n la base para conocer los d\u00e9ficit h\u00eddricos de la ciudad y as\u00ed poder planificar las obras a mediano y largo plazo que nos permitan resolver esta situaci\u00f3n\u201d.<\/p>\n\n\n\n<p>\u201cMediante un trabajo serio, que incluya a la Facultad de Ciencias H\u00eddricas de la UNL y el Instituto Nacional del Agua (INA), adem\u00e1s del aporte de los vecinos y especialistas de la ciudad, podremos trazar un esquema de acci\u00f3n claro y transparente que nos permita optimizar los recursos de la ciudad\u201d, a\u00f1adi\u00f3 el referente radical.<\/p>\n\n\n\n<p>Adem\u00e1s, M\u00fcller agreg\u00f3 que \u201ctambi\u00e9n es necesario examinar la conveniencia de la aplicaci\u00f3n de nuevas tecnolog\u00edas de teledetecci\u00f3n, con sistemas de alerta para inundaciones o herramientas de predicci\u00f3n clim\u00e1tica, y de demanda que mejoren el tratamiento y el aprovechamiento de los recursos h\u00eddricos locales\u201d.<\/p>\n\n\n\n<p>\u201cCon un plan de obras serio y transparente podremos dar respuesta a un reclamo hist\u00f3rico como es la situaci\u00f3n h\u00eddrica del centro de la ciudad y los nuevos barrios que surgieron, mejorando la calidad de vida de los esperancinos y esperancinas\u201d, concluy\u00f3 Rodrigo M\u00fcller.<\/p>\n<!-- AddThis Advanced Settings generic via filter on the_content --><!-- AddThis Share Buttons generic via filter on the_content -->","protected":false},"excerpt":{"rendered":"<p>\u201cLa actualizaci\u00f3n de los estudios h\u00eddricos de la ciudad, es un paso necesario para poder diagramar [&hellip;]<!-- AddThis Advanced Settings generic via filter on get_the_excerpt --><!-- AddThis Share Buttons generic via filter on get_the_excerpt --><\/p>\n","protected":false},"author":16,"featured_media":35496,"comment_status":"open","ping_status":"open","sticky":false,"template":"","format":"standard","meta":{"_seopress_robots_primary_cat":"none","_seopress_titles_title":"","_seopress_titles_desc":"","_seopress_robots_index":"","_themeisle_gutenberg_block_has_review":false,"footnotes":""},"categories":[2,164,21,47,24,15],"tags":[],"class_list":["post-35494","post","type-post","status-publish","format-standard","has-post-thumbnail","hentry","category-actualidad","category-ambiente","category-las-colonias","category-locales","category-obras-publicas","category-salud"],"_links":{"self":[{"href":"https:\/\/www.almargenweb.com.ar\/web\/wp-json\/wp\/v2\/posts\/35494","targetHints":{"allow":["GET"]}}],"collection":[{"href":"https:\/\/www.almargenweb.com.ar\/web\/wp-json\/wp\/v2\/posts"}],"about":[{"href":"https:\/\/www.almargenweb.com.ar\/web\/wp-json\/wp\/v2\/types\/post"}],"author":[{"embeddable":true,"href":"https:\/\/www.almargenweb.com.ar\/web\/wp-json\/wp\/v2\/users\/16"}],"replies":[{"embeddable":true,"href":"https:\/\/www.almargenweb.com.ar\/web\/wp-json\/wp\/v2\/comments?post=35494"}],"version-history":[{"count":2,"href":"https:\/\/www.almargenweb.com.ar\/web\/wp-json\/wp\/v2\/posts\/35494\/revisions"}],"predecessor-version":[{"id":35498,"href":"https:\/\/www.almargenweb.com.ar\/web\/wp-json\/wp\/v2\/posts\/35494\/revisions\/35498"}],"wp:featuredmedia":[{"embeddable":true,"href":"https:\/\/www.almargenweb.com.ar\/web\/wp-json\/wp\/v2\/media\/35496"}],"wp:attachment":[{"href":"https:\/\/www.almargenweb.com.ar\/web\/wp-json\/wp\/v2\/media?parent=35494"}],"wp:term":[{"taxonomy":"category","embeddable":true,"href":"https:\/\/www.almargenweb.com.ar\/web\/wp-json\/wp\/v2\/categories?post=35494"},{"taxonomy":"post_tag","embeddable":true,"href":"https:\/\/www.almargenweb.com.ar\/web\/wp-json\/wp\/v2\/tags?post=35494"}],"curies":[{"name":"wp","href":"https:\/\/api.w.org\/{rel}","templated":true}]}}