{"id":35490,"date":"2021-07-21T09:21:06","date_gmt":"2021-07-21T12:21:06","guid":{"rendered":"http:\/\/www.almargenweb.com.ar\/web\/?p=35490"},"modified":"2021-07-21T09:21:07","modified_gmt":"2021-07-21T12:21:07","slug":"por-la-bajante-de-los-rios-piden-limitar-el-consumo-de-agua-en-toda-la-region","status":"publish","type":"post","link":"https:\/\/www.almargenweb.com.ar\/web\/por-la-bajante-de-los-rios-piden-limitar-el-consumo-de-agua-en-toda-la-region\/","title":{"rendered":"Por la bajante de los r\u00edos, piden limitar el consumo de agua en toda la regi\u00f3n"},"content":{"rendered":"\n<p>El r\u00edo Paran\u00e1 registra su mayor bajante en 77 a\u00f1os y desde el Gobierno nacional pidieron limitar el consumo del agua en siete provincias que son alcanzadas por esta importante v\u00eda fluvial. Ellas son Misiones, Corrientes, Formosa, Chaco, Santa Fe, Entre R\u00edos y Buenos Aires.<\/p>\n\n\n\n<p>Ante esta situaci\u00f3n, el Sistema Nacional para la Gesti\u00f3n Integral del Riesgo (SINAGIR) pidi\u00f3 a las personas \u201cahorrar agua en el consumo diario\u201d y \u201calmacenar agua de lluvia y utilizarla para regar\u201d.<\/p>\n\n\n\n<p>Desde el Instituto Nacional del Agua (INA) indicaron que la tendencia descendente \u201ccontinuar\u00e1 predominando en los pr\u00f3ximos tres meses\u201d al menos y pronosticaron que julio ser\u00e1 \u201cespecialmente cr\u00edtico\u201d.<\/p>\n\n\n\n<p>Tambi\u00e9n dijeron que espera impactos en \u201clas tomas de agua para consumo urbano, para refrigeraci\u00f3n de centrales de generaci\u00f3n el\u00e9ctrica y de procesos industriales\u201d.<\/p>\n\n\n\n<p>El cero de la escala en cada sitio se vincula con un nivel de referencia, que es el nivel medio del mar que se registra en el mare\u00f3grafo de Mar del Plata.<\/p>\n<!-- AddThis Advanced Settings generic via filter on the_content --><!-- AddThis Share Buttons generic via filter on the_content -->","protected":false},"excerpt":{"rendered":"<p>El r\u00edo Paran\u00e1 registra su mayor bajante en 77 a\u00f1os y desde el Gobierno nacional pidieron [&hellip;]<!-- AddThis Advanced Settings generic via filter on get_the_excerpt --><!-- AddThis Share Buttons generic via filter on get_the_excerpt --><\/p>\n","protected":false},"author":16,"featured_media":35492,"comment_status":"open","ping_status":"open","sticky":false,"template":"","format":"standard","meta":{"_seopress_robots_primary_cat":"none","_seopress_titles_title":"","_seopress_titles_desc":"","_seopress_robots_index":"","_themeisle_gutenberg_block_has_review":false,"footnotes":""},"categories":[2,164,47,140,15],"tags":[],"class_list":["post-35490","post","type-post","status-publish","format-standard","has-post-thumbnail","hentry","category-actualidad","category-ambiente","category-locales","category-nacionales","category-salud"],"_links":{"self":[{"href":"https:\/\/www.almargenweb.com.ar\/web\/wp-json\/wp\/v2\/posts\/35490","targetHints":{"allow":["GET"]}}],"collection":[{"href":"https:\/\/www.almargenweb.com.ar\/web\/wp-json\/wp\/v2\/posts"}],"about":[{"href":"https:\/\/www.almargenweb.com.ar\/web\/wp-json\/wp\/v2\/types\/post"}],"author":[{"embeddable":true,"href":"https:\/\/www.almargenweb.com.ar\/web\/wp-json\/wp\/v2\/users\/16"}],"replies":[{"embeddable":true,"href":"https:\/\/www.almargenweb.com.ar\/web\/wp-json\/wp\/v2\/comments?post=35490"}],"version-history":[{"count":1,"href":"https:\/\/www.almargenweb.com.ar\/web\/wp-json\/wp\/v2\/posts\/35490\/revisions"}],"predecessor-version":[{"id":35493,"href":"https:\/\/www.almargenweb.com.ar\/web\/wp-json\/wp\/v2\/posts\/35490\/revisions\/35493"}],"wp:featuredmedia":[{"embeddable":true,"href":"https:\/\/www.almargenweb.com.ar\/web\/wp-json\/wp\/v2\/media\/35492"}],"wp:attachment":[{"href":"https:\/\/www.almargenweb.com.ar\/web\/wp-json\/wp\/v2\/media?parent=35490"}],"wp:term":[{"taxonomy":"category","embeddable":true,"href":"https:\/\/www.almargenweb.com.ar\/web\/wp-json\/wp\/v2\/categories?post=35490"},{"taxonomy":"post_tag","embeddable":true,"href":"https:\/\/www.almargenweb.com.ar\/web\/wp-json\/wp\/v2\/tags?post=35490"}],"curies":[{"name":"wp","href":"https:\/\/api.w.org\/{rel}","templated":true}]}}