{"id":35471,"date":"2021-07-16T13:38:39","date_gmt":"2021-07-16T16:38:39","guid":{"rendered":"http:\/\/www.almargenweb.com.ar\/web\/?p=35471"},"modified":"2021-07-16T13:38:40","modified_gmt":"2021-07-16T16:38:40","slug":"la-inflacion-de-este-ano-2021-lleva-un-acumulo-del-52-segun-datos-del-indec","status":"publish","type":"post","link":"https:\/\/www.almargenweb.com.ar\/web\/la-inflacion-de-este-ano-2021-lleva-un-acumulo-del-52-segun-datos-del-indec\/","title":{"rendered":"La inflaci\u00f3n de este a\u00f1o 2021 lleva un ac\u00famulo, del 52% seg\u00fan datos del INDEC"},"content":{"rendered":"\n<p>Si empezamos a comparar per\u00edodos acumulados, durante los primeros seis meses del 2021, a nivel nacional los precios subieron un 25,3%, mientras que, en Santa Fe, la suba fue mayor, alcanzando una inflaci\u00f3n del 26,5% en el mismo per\u00edodo.<\/p>\n\n\n\n<p>El Instituto Provincial de Estad\u00edsticas y Censos (Ipec) dio a conocer el dato de inflaci\u00f3n de la provincia de Santa Fe-\u00cdndice de Precios al Consumidor ( IPC Santa Fe)- que arroj\u00f3 un aumento del 3,2% durante junio.<\/p>\n\n\n\n<p>Seg\u00fan el informe, el aumento en los precios durante junio, estuvo impulsado por el rubro \u201cOtros bienes y servicios\u201d que se dispar\u00f3 un +4,1%, seguidos por \u201cIndumentaria\u201d.<\/p>\n\n\n\n<p>Seg\u00fan el organismo de estad\u00edsticas Nacional, la inflaci\u00f3n acumulada en 12 meses fue de 50,2%, mientras para el Ipec la variaci\u00f3n del IPC en la Provincia de Santa Fe en el mismo per\u00edodo fue del 52,6%.<\/p>\n\n\n\n<p><\/p>\n<!-- AddThis Advanced Settings generic via filter on the_content --><!-- AddThis Share Buttons generic via filter on the_content -->","protected":false},"excerpt":{"rendered":"<p>Si empezamos a comparar per\u00edodos acumulados, durante los primeros seis meses del 2021, a nivel nacional [&hellip;]<!-- AddThis Advanced Settings generic via filter on get_the_excerpt --><!-- AddThis Share Buttons generic via filter on get_the_excerpt --><\/p>\n","protected":false},"author":16,"featured_media":35473,"comment_status":"open","ping_status":"open","sticky":false,"template":"","format":"standard","meta":{"_seopress_robots_primary_cat":"none","_seopress_titles_title":"","_seopress_titles_desc":"","_seopress_robots_index":"","_themeisle_gutenberg_block_has_review":false,"footnotes":""},"categories":[2,164,5,140,9],"tags":[],"class_list":["post-35471","post","type-post","status-publish","format-standard","has-post-thumbnail","hentry","category-actualidad","category-ambiente","category-economia","category-nacionales","category-politica"],"_links":{"self":[{"href":"https:\/\/www.almargenweb.com.ar\/web\/wp-json\/wp\/v2\/posts\/35471","targetHints":{"allow":["GET"]}}],"collection":[{"href":"https:\/\/www.almargenweb.com.ar\/web\/wp-json\/wp\/v2\/posts"}],"about":[{"href":"https:\/\/www.almargenweb.com.ar\/web\/wp-json\/wp\/v2\/types\/post"}],"author":[{"embeddable":true,"href":"https:\/\/www.almargenweb.com.ar\/web\/wp-json\/wp\/v2\/users\/16"}],"replies":[{"embeddable":true,"href":"https:\/\/www.almargenweb.com.ar\/web\/wp-json\/wp\/v2\/comments?post=35471"}],"version-history":[{"count":1,"href":"https:\/\/www.almargenweb.com.ar\/web\/wp-json\/wp\/v2\/posts\/35471\/revisions"}],"predecessor-version":[{"id":35474,"href":"https:\/\/www.almargenweb.com.ar\/web\/wp-json\/wp\/v2\/posts\/35471\/revisions\/35474"}],"wp:featuredmedia":[{"embeddable":true,"href":"https:\/\/www.almargenweb.com.ar\/web\/wp-json\/wp\/v2\/media\/35473"}],"wp:attachment":[{"href":"https:\/\/www.almargenweb.com.ar\/web\/wp-json\/wp\/v2\/media?parent=35471"}],"wp:term":[{"taxonomy":"category","embeddable":true,"href":"https:\/\/www.almargenweb.com.ar\/web\/wp-json\/wp\/v2\/categories?post=35471"},{"taxonomy":"post_tag","embeddable":true,"href":"https:\/\/www.almargenweb.com.ar\/web\/wp-json\/wp\/v2\/tags?post=35471"}],"curies":[{"name":"wp","href":"https:\/\/api.w.org\/{rel}","templated":true}]}}