{"id":35458,"date":"2021-07-15T09:48:01","date_gmt":"2021-07-15T12:48:01","guid":{"rendered":"http:\/\/www.almargenweb.com.ar\/web\/?p=35458"},"modified":"2021-07-15T09:48:02","modified_gmt":"2021-07-15T12:48:02","slug":"el-gobierno-autorizo-aumentos-de-hasta-5-en-telefonia-movil-y-fija-internet-y-tv-paga","status":"publish","type":"post","link":"https:\/\/www.almargenweb.com.ar\/web\/el-gobierno-autorizo-aumentos-de-hasta-5-en-telefonia-movil-y-fija-internet-y-tv-paga\/","title":{"rendered":"El Gobierno autoriz\u00f3 aumentos de hasta 5% en telefon\u00eda m\u00f3vil y fija, internet y TV paga"},"content":{"rendered":"\n<p>El Ente Nacional de Comunicaciones (Enacom) autoriz\u00f3 a los licenciatarios de Servicios de Tecnolog\u00edas de la Informaci\u00f3n y las Comunicaciones (TIC) que presten acceso a internet; radiodifusi\u00f3n por suscripci\u00f3n mediante v\u00ednculo f\u00edsico, radioel\u00e9ctrico o satelital; telefon\u00eda fija y comunicaciones m\u00f3viles, a incrementar el valor de sus precios minoristas, s\u00f3lo hasta un 5%, a partir del 1 de julio \u00faltimo.<\/p>\n\n\n\n<p>Lo hizo a trav\u00e9s de la Resoluci\u00f3n 862\/2021 publicada hoy en el Bolet\u00edn Oficial, que precis\u00f3 que estos aumentos s\u00f3lo podr\u00e1n aplicarlos aquellos prestadores que hayan cumplido con las resoluciones anteriores que autorizaron aumentos desde enero de este a\u00f1o.<\/p>\n\n\n\n<p>La normativa puntualiz\u00f3 que estos incrementos no alcanzan a los precios de las prestaciones b\u00e1sicas universales obligatorias.<\/p>\n<!-- AddThis Advanced Settings generic via filter on the_content --><!-- AddThis Share Buttons generic via filter on the_content -->","protected":false},"excerpt":{"rendered":"<p>El Ente Nacional de Comunicaciones (Enacom) autoriz\u00f3 a los licenciatarios de Servicios de Tecnolog\u00edas de la [&hellip;]<!-- AddThis Advanced Settings generic via filter on get_the_excerpt --><!-- AddThis Share Buttons generic via filter on get_the_excerpt --><\/p>\n","protected":false},"author":16,"featured_media":35460,"comment_status":"open","ping_status":"open","sticky":false,"template":"","format":"standard","meta":{"_seopress_robots_primary_cat":"none","_seopress_titles_title":"","_seopress_titles_desc":"","_seopress_robots_index":"","_themeisle_gutenberg_block_has_review":false,"footnotes":""},"categories":[2,164,5,19,140,9],"tags":[],"class_list":["post-35458","post","type-post","status-publish","format-standard","has-post-thumbnail","hentry","category-actualidad","category-ambiente","category-economia","category-educacion","category-nacionales","category-politica"],"_links":{"self":[{"href":"https:\/\/www.almargenweb.com.ar\/web\/wp-json\/wp\/v2\/posts\/35458","targetHints":{"allow":["GET"]}}],"collection":[{"href":"https:\/\/www.almargenweb.com.ar\/web\/wp-json\/wp\/v2\/posts"}],"about":[{"href":"https:\/\/www.almargenweb.com.ar\/web\/wp-json\/wp\/v2\/types\/post"}],"author":[{"embeddable":true,"href":"https:\/\/www.almargenweb.com.ar\/web\/wp-json\/wp\/v2\/users\/16"}],"replies":[{"embeddable":true,"href":"https:\/\/www.almargenweb.com.ar\/web\/wp-json\/wp\/v2\/comments?post=35458"}],"version-history":[{"count":1,"href":"https:\/\/www.almargenweb.com.ar\/web\/wp-json\/wp\/v2\/posts\/35458\/revisions"}],"predecessor-version":[{"id":35461,"href":"https:\/\/www.almargenweb.com.ar\/web\/wp-json\/wp\/v2\/posts\/35458\/revisions\/35461"}],"wp:featuredmedia":[{"embeddable":true,"href":"https:\/\/www.almargenweb.com.ar\/web\/wp-json\/wp\/v2\/media\/35460"}],"wp:attachment":[{"href":"https:\/\/www.almargenweb.com.ar\/web\/wp-json\/wp\/v2\/media?parent=35458"}],"wp:term":[{"taxonomy":"category","embeddable":true,"href":"https:\/\/www.almargenweb.com.ar\/web\/wp-json\/wp\/v2\/categories?post=35458"},{"taxonomy":"post_tag","embeddable":true,"href":"https:\/\/www.almargenweb.com.ar\/web\/wp-json\/wp\/v2\/tags?post=35458"}],"curies":[{"name":"wp","href":"https:\/\/api.w.org\/{rel}","templated":true}]}}