{"id":35447,"date":"2021-07-14T09:14:14","date_gmt":"2021-07-14T12:14:14","guid":{"rendered":"http:\/\/www.almargenweb.com.ar\/web\/?p=35447"},"modified":"2021-07-14T09:14:15","modified_gmt":"2021-07-14T12:14:15","slug":"muller-esperanza-necesita-una-politica-de-seguridad-local-para-combatir-la-problematica-de-las-drogas","status":"publish","type":"post","link":"https:\/\/www.almargenweb.com.ar\/web\/muller-esperanza-necesita-una-politica-de-seguridad-local-para-combatir-la-problematica-de-las-drogas\/","title":{"rendered":"M\u00fcller: \u201cEsperanza necesita una pol\u00edtica de seguridad local para combatir la problem\u00e1tica de las drogas\u201d"},"content":{"rendered":"\n<p>El concejal radical, Rodrigo M\u00fcller, particip\u00f3 de una nueva apertura de los \u201cbuzones de la vida\u201d y resalt\u00f3 la importancia que tienen para evitar la comercializaci\u00f3n ilegal de drogas. \u201cSe trata de un m\u00e9todo accesible, donde los vecinos pueden brindar informaci\u00f3n de manera an\u00f3nima y colaborar para frenar con la venta de drogas y evitar la proliferaci\u00f3n de bandas delictivas\u201d, expres\u00f3 el edil.<\/p>\n\n\n\n<p>En ese sentido, M\u00fcller sostuvo que \u201cnecesitamos que la Justicia trabaje firmemente para que las investigaciones avancen y tengan resultados, visibles y positivos, que permitan que el vecino conf\u00ede en los canales de denuncias\u201d.<\/p>\n\n\n\n<p>Por \u00faltimo, el concejal ratific\u00f3 su compromiso con la seguridad resaltando que \u201cdesde mi lugar en el Concejo trabajo para lograr una ciudad libre de esta problem\u00e1tica que nos afecta a todos y por eso ya present\u00e9 15 proyectos en materia de seguridad\u201d. Luego a\u00f1adi\u00f3 que \u201cel objetivo final es que Esperanza tenga una pol\u00edtica de seguridad local para llevar adelante medidas que terminen con este flagelo\u201d.<\/p>\n<!-- AddThis Advanced Settings generic via filter on the_content --><!-- AddThis Share Buttons generic via filter on the_content -->","protected":false},"excerpt":{"rendered":"<p>El concejal radical, Rodrigo M\u00fcller, particip\u00f3 de una nueva apertura de los \u201cbuzones de la vida\u201d [&hellip;]<!-- AddThis Advanced Settings generic via filter on get_the_excerpt --><!-- AddThis Share Buttons generic via filter on get_the_excerpt --><\/p>\n","protected":false},"author":16,"featured_media":35449,"comment_status":"open","ping_status":"open","sticky":false,"template":"","format":"standard","meta":{"_seopress_robots_primary_cat":"none","_seopress_titles_title":"","_seopress_titles_desc":"","_seopress_robots_index":"","_themeisle_gutenberg_block_has_review":false,"footnotes":""},"categories":[2,47,9,15],"tags":[],"class_list":["post-35447","post","type-post","status-publish","format-standard","has-post-thumbnail","hentry","category-actualidad","category-locales","category-politica","category-salud"],"_links":{"self":[{"href":"https:\/\/www.almargenweb.com.ar\/web\/wp-json\/wp\/v2\/posts\/35447","targetHints":{"allow":["GET"]}}],"collection":[{"href":"https:\/\/www.almargenweb.com.ar\/web\/wp-json\/wp\/v2\/posts"}],"about":[{"href":"https:\/\/www.almargenweb.com.ar\/web\/wp-json\/wp\/v2\/types\/post"}],"author":[{"embeddable":true,"href":"https:\/\/www.almargenweb.com.ar\/web\/wp-json\/wp\/v2\/users\/16"}],"replies":[{"embeddable":true,"href":"https:\/\/www.almargenweb.com.ar\/web\/wp-json\/wp\/v2\/comments?post=35447"}],"version-history":[{"count":1,"href":"https:\/\/www.almargenweb.com.ar\/web\/wp-json\/wp\/v2\/posts\/35447\/revisions"}],"predecessor-version":[{"id":35450,"href":"https:\/\/www.almargenweb.com.ar\/web\/wp-json\/wp\/v2\/posts\/35447\/revisions\/35450"}],"wp:featuredmedia":[{"embeddable":true,"href":"https:\/\/www.almargenweb.com.ar\/web\/wp-json\/wp\/v2\/media\/35449"}],"wp:attachment":[{"href":"https:\/\/www.almargenweb.com.ar\/web\/wp-json\/wp\/v2\/media?parent=35447"}],"wp:term":[{"taxonomy":"category","embeddable":true,"href":"https:\/\/www.almargenweb.com.ar\/web\/wp-json\/wp\/v2\/categories?post=35447"},{"taxonomy":"post_tag","embeddable":true,"href":"https:\/\/www.almargenweb.com.ar\/web\/wp-json\/wp\/v2\/tags?post=35447"}],"curies":[{"name":"wp","href":"https:\/\/api.w.org\/{rel}","templated":true}]}}