{"id":35402,"date":"2021-07-08T09:09:58","date_gmt":"2021-07-08T12:09:58","guid":{"rendered":"http:\/\/www.almargenweb.com.ar\/web\/?p=35402"},"modified":"2021-07-08T09:09:59","modified_gmt":"2021-07-08T12:09:59","slug":"durante-el-cierre-de-las-exportaciones-el-precio-de-la-carne-subio-mas-que-el-resto-de-los-alimentos","status":"publish","type":"post","link":"https:\/\/www.almargenweb.com.ar\/web\/durante-el-cierre-de-las-exportaciones-el-precio-de-la-carne-subio-mas-que-el-resto-de-los-alimentos\/","title":{"rendered":"Durante el cierre de las exportaciones, el precio de la carne subi\u00f3 m\u00e1s que el resto de los alimentos"},"content":{"rendered":"\n<p>Luego del conflicto entre el campo y el Gobierno por el cierre de las exportaciones de carne vacuna decretado el 20 de mayo y que se extendi\u00f3 por 30 d\u00edas, distintas consultoras de consumo afirmaron que en junio los precios aumentaron hasta 4,3% y por encima del resto de los alimentos.<\/p>\n\n\n\n<p>C&amp;T Asesores arroj\u00f3 un alza mensual del precio de la carne de 4,3% en junio, por encima del 3,5% estimado para el nivel general de inflaci\u00f3n.<\/p>\n\n\n\n<p>Asimismo, desde la consultora LCG indicaron que la suba del precio de la carne en el sexto mes del a\u00f1o fue de 3,8%, por encima de la estimaci\u00f3n general de 3,4 por ciento.<\/p>\n\n\n\n<p>Mientras que para Focus Market, durante junio la carne tuvo un aumento del 3,5%, desaceler\u00e1ndose respecto de mayo. De acuerdo a la consultora de consumo masivo, en t\u00e9rminos interanuales el incremento es del 74 por ciento.<\/p>\n\n\n\n<p>La decisi\u00f3n del Gobierno nacional de prohibir temporalmente las exportaciones de carne vacuna y luego limitarlas a la mitad de lo que se embarc\u00f3 en el segundo semestre del a\u00f1o pasado no solo no trajo aparejado un precio m\u00e1s accesible en el mercado interno sino que logr\u00f3 un efecto contrario<\/p>\n<!-- AddThis Advanced Settings generic via filter on the_content --><!-- AddThis Share Buttons generic via filter on the_content -->","protected":false},"excerpt":{"rendered":"<p>Luego del conflicto entre el campo y el Gobierno por el cierre de las exportaciones de [&hellip;]<!-- AddThis Advanced Settings generic via filter on get_the_excerpt --><!-- AddThis Share Buttons generic via filter on get_the_excerpt --><\/p>\n","protected":false},"author":16,"featured_media":35404,"comment_status":"open","ping_status":"open","sticky":false,"template":"","format":"standard","meta":{"_seopress_robots_primary_cat":"none","_seopress_titles_title":"","_seopress_titles_desc":"","_seopress_robots_index":"","_themeisle_gutenberg_block_has_review":false,"footnotes":""},"categories":[2,5,21,140,9],"tags":[],"class_list":["post-35402","post","type-post","status-publish","format-standard","has-post-thumbnail","hentry","category-actualidad","category-economia","category-las-colonias","category-nacionales","category-politica"],"_links":{"self":[{"href":"https:\/\/www.almargenweb.com.ar\/web\/wp-json\/wp\/v2\/posts\/35402","targetHints":{"allow":["GET"]}}],"collection":[{"href":"https:\/\/www.almargenweb.com.ar\/web\/wp-json\/wp\/v2\/posts"}],"about":[{"href":"https:\/\/www.almargenweb.com.ar\/web\/wp-json\/wp\/v2\/types\/post"}],"author":[{"embeddable":true,"href":"https:\/\/www.almargenweb.com.ar\/web\/wp-json\/wp\/v2\/users\/16"}],"replies":[{"embeddable":true,"href":"https:\/\/www.almargenweb.com.ar\/web\/wp-json\/wp\/v2\/comments?post=35402"}],"version-history":[{"count":1,"href":"https:\/\/www.almargenweb.com.ar\/web\/wp-json\/wp\/v2\/posts\/35402\/revisions"}],"predecessor-version":[{"id":35405,"href":"https:\/\/www.almargenweb.com.ar\/web\/wp-json\/wp\/v2\/posts\/35402\/revisions\/35405"}],"wp:featuredmedia":[{"embeddable":true,"href":"https:\/\/www.almargenweb.com.ar\/web\/wp-json\/wp\/v2\/media\/35404"}],"wp:attachment":[{"href":"https:\/\/www.almargenweb.com.ar\/web\/wp-json\/wp\/v2\/media?parent=35402"}],"wp:term":[{"taxonomy":"category","embeddable":true,"href":"https:\/\/www.almargenweb.com.ar\/web\/wp-json\/wp\/v2\/categories?post=35402"},{"taxonomy":"post_tag","embeddable":true,"href":"https:\/\/www.almargenweb.com.ar\/web\/wp-json\/wp\/v2\/tags?post=35402"}],"curies":[{"name":"wp","href":"https:\/\/api.w.org\/{rel}","templated":true}]}}