{"id":35380,"date":"2021-07-06T08:03:50","date_gmt":"2021-07-06T11:03:50","guid":{"rendered":"http:\/\/www.almargenweb.com.ar\/web\/?p=35380"},"modified":"2021-07-06T08:03:51","modified_gmt":"2021-07-06T11:03:51","slug":"el-tiempo-en-esperanza-esta-semana-habra-mucha-amplitud-termica-y-la-maxima-llegara-a-los-28-grados","status":"publish","type":"post","link":"https:\/\/www.almargenweb.com.ar\/web\/el-tiempo-en-esperanza-esta-semana-habra-mucha-amplitud-termica-y-la-maxima-llegara-a-los-28-grados\/","title":{"rendered":"El tiempo en Esperanza: esta semana habr\u00e1 mucha amplitud t\u00e9rmica y la m\u00e1xima llegar\u00e1 a los 28 grados"},"content":{"rendered":"\n<p>A partir de este martes llega una seguidilla de d\u00edas con temperaturas mucho m\u00e1s c\u00e1lidas y agradables, con amplitud t\u00e9rmica, pero casi primaverales podr\u00eda decirse. <\/p>\n\n\n\n<p>A pesar del anuncio de lluvias para ma\u00f1ana, el Servicio Meteorol\u00f3gico Nacional prev\u00e9 entre hoy y el s\u00e1bado una mini primavera ya que se espera que el term\u00f3metro marque como m\u00e1ximas los 25 y 28 grados.<\/p>\n\n\n\n<p>Por lo pronto, este martes se anuncia con excelentes condiciones meteorol\u00f3gicas. El d\u00eda arranc\u00f3 con cielo despejado, con una humedad del 92 por ciento y con visibilidad reducida a 12 kil\u00f3metros. Se espera un d\u00eda con cielo algo nublado y por la tarde la m\u00e1xima ascender\u00e1 a los 21 grados.<\/p>\n<!-- AddThis Advanced Settings generic via filter on the_content --><!-- AddThis Share Buttons generic via filter on the_content -->","protected":false},"excerpt":{"rendered":"<p>A partir de este martes llega una seguidilla de d\u00edas con temperaturas mucho m\u00e1s c\u00e1lidas y [&hellip;]<!-- AddThis Advanced Settings generic via filter on get_the_excerpt --><!-- AddThis Share Buttons generic via filter on get_the_excerpt --><\/p>\n","protected":false},"author":16,"featured_media":35382,"comment_status":"open","ping_status":"open","sticky":false,"template":"","format":"standard","meta":{"_seopress_robots_primary_cat":"none","_seopress_titles_title":"","_seopress_titles_desc":"","_seopress_robots_index":"","_themeisle_gutenberg_block_has_review":false,"footnotes":""},"categories":[2,21,47],"tags":[],"class_list":["post-35380","post","type-post","status-publish","format-standard","has-post-thumbnail","hentry","category-actualidad","category-las-colonias","category-locales"],"_links":{"self":[{"href":"https:\/\/www.almargenweb.com.ar\/web\/wp-json\/wp\/v2\/posts\/35380","targetHints":{"allow":["GET"]}}],"collection":[{"href":"https:\/\/www.almargenweb.com.ar\/web\/wp-json\/wp\/v2\/posts"}],"about":[{"href":"https:\/\/www.almargenweb.com.ar\/web\/wp-json\/wp\/v2\/types\/post"}],"author":[{"embeddable":true,"href":"https:\/\/www.almargenweb.com.ar\/web\/wp-json\/wp\/v2\/users\/16"}],"replies":[{"embeddable":true,"href":"https:\/\/www.almargenweb.com.ar\/web\/wp-json\/wp\/v2\/comments?post=35380"}],"version-history":[{"count":1,"href":"https:\/\/www.almargenweb.com.ar\/web\/wp-json\/wp\/v2\/posts\/35380\/revisions"}],"predecessor-version":[{"id":35383,"href":"https:\/\/www.almargenweb.com.ar\/web\/wp-json\/wp\/v2\/posts\/35380\/revisions\/35383"}],"wp:featuredmedia":[{"embeddable":true,"href":"https:\/\/www.almargenweb.com.ar\/web\/wp-json\/wp\/v2\/media\/35382"}],"wp:attachment":[{"href":"https:\/\/www.almargenweb.com.ar\/web\/wp-json\/wp\/v2\/media?parent=35380"}],"wp:term":[{"taxonomy":"category","embeddable":true,"href":"https:\/\/www.almargenweb.com.ar\/web\/wp-json\/wp\/v2\/categories?post=35380"},{"taxonomy":"post_tag","embeddable":true,"href":"https:\/\/www.almargenweb.com.ar\/web\/wp-json\/wp\/v2\/tags?post=35380"}],"curies":[{"name":"wp","href":"https:\/\/api.w.org\/{rel}","templated":true}]}}