{"id":35376,"date":"2021-07-05T08:05:57","date_gmt":"2021-07-05T11:05:57","guid":{"rendered":"http:\/\/www.almargenweb.com.ar\/web\/?p=35376"},"modified":"2021-07-05T08:05:58","modified_gmt":"2021-07-05T11:05:58","slug":"el-concejo-aprobo-el-pedido-para-la-creacion-de-un-lactario-en-el-palacio-municipal-impulsado-por-rodrigo-muller","status":"publish","type":"post","link":"https:\/\/www.almargenweb.com.ar\/web\/el-concejo-aprobo-el-pedido-para-la-creacion-de-un-lactario-en-el-palacio-municipal-impulsado-por-rodrigo-muller\/","title":{"rendered":"El Concejo aprob\u00f3 el pedido para la creaci\u00f3n de un lactario en el Palacio Municipal, impulsado por Rodrigo M\u00fcller"},"content":{"rendered":"\n<p>Se trata de un espacio privado y acondicionado para mujeres en per\u00edodo de lactancia. Tambi\u00e9n, se aprob\u00f3 otra iniciativa del edil radical en donde solicita un informe sobre el sistema de archivos municipal.<\/p>\n\n\n\n<p>El Concejo Municipal aprob\u00f3 el pedido de creaci\u00f3n de un lactario en el Palacio Municipal impulsado por el edil radical, Rodrigo M\u00fcller. Se trata de un espacio privado, digno y acondicionado para que utilicen las mujeres en per\u00edodo de lactancia.<\/p>\n\n\n\n<p>Al respecto, M\u00fcller mencion\u00f3 que \u201cla leche materna es muy importante para el sistema inmunol\u00f3gico de los beb\u00e9s y la Organizaci\u00f3n Mundial de la Salud la recomienda como alimento exclusivo durante los primeros seis meses de vida\u201d.<\/p>\n\n\n\n<p>\u201cCada mujer tiene el derecho a decidir si practicar o no la lactancia materna pero, si desea hacerlo, su trabajo no debe ser un impedimento. Por eso, es muy importante que el Estado brinde un espacio acondicionado para que las trabajadoras, y las mujeres que asisten al palacio municipal por alg\u00fan tr\u00e1mite, lo realicen y que, adem\u00e1s, se asegure la adecuada conservaci\u00f3n de la leche durante el resto de la jornada laboral\u201d, a\u00f1adi\u00f3 el concejal.<\/p>\n\n\n\n<p>SISTEMA DE ARCHIVO MUNICIPAL<\/p>\n\n\n\n<p>En la misma sesi\u00f3n, el Concejo aprob\u00f3 otra iniciativa de M\u00fcller por la cual solicita al Poder Ejecutivo para que brinde un informe sobre el sistema de archivos del municipio.<\/p>\n\n\n\n<p>\u201cLos archivos son pedazos de nuestra historia y me preocupa c\u00f3mo la tratamos en Esperanza. Es por eso que solicit\u00e9 el informe para saber si se cumplen las leyes y ordenanzas del archivo municipal\u201d, expres\u00f3 al respecto M\u00fcller.<\/p>\n\n\n\n<p>Adem\u00e1s, el concejal a\u00f1adi\u00f3 que \u201cla iniciativa se enmarca en nuestro objetivo de tener un gobierno municipal moderno, \u00e1gil y transparente, para lo cual tambi\u00e9n seguimos insistiendo en que se valorice la carrera administrativa y se implemente el ingreso por concursos\u201d.<\/p>\n<!-- AddThis Advanced Settings generic via filter on the_content --><!-- AddThis Share Buttons generic via filter on the_content -->","protected":false},"excerpt":{"rendered":"<p>Se trata de un espacio privado y acondicionado para mujeres en per\u00edodo de lactancia. Tambi\u00e9n, se [&hellip;]<!-- AddThis Advanced Settings generic via filter on get_the_excerpt --><!-- AddThis Share Buttons generic via filter on get_the_excerpt --><\/p>\n","protected":false},"author":16,"featured_media":35378,"comment_status":"open","ping_status":"open","sticky":false,"template":"","format":"standard","meta":{"_seopress_robots_primary_cat":"none","_seopress_titles_title":"","_seopress_titles_desc":"","_seopress_robots_index":"","_themeisle_gutenberg_block_has_review":false,"footnotes":""},"categories":[2,164,9,15],"tags":[],"class_list":["post-35376","post","type-post","status-publish","format-standard","has-post-thumbnail","hentry","category-actualidad","category-ambiente","category-politica","category-salud"],"_links":{"self":[{"href":"https:\/\/www.almargenweb.com.ar\/web\/wp-json\/wp\/v2\/posts\/35376","targetHints":{"allow":["GET"]}}],"collection":[{"href":"https:\/\/www.almargenweb.com.ar\/web\/wp-json\/wp\/v2\/posts"}],"about":[{"href":"https:\/\/www.almargenweb.com.ar\/web\/wp-json\/wp\/v2\/types\/post"}],"author":[{"embeddable":true,"href":"https:\/\/www.almargenweb.com.ar\/web\/wp-json\/wp\/v2\/users\/16"}],"replies":[{"embeddable":true,"href":"https:\/\/www.almargenweb.com.ar\/web\/wp-json\/wp\/v2\/comments?post=35376"}],"version-history":[{"count":1,"href":"https:\/\/www.almargenweb.com.ar\/web\/wp-json\/wp\/v2\/posts\/35376\/revisions"}],"predecessor-version":[{"id":35379,"href":"https:\/\/www.almargenweb.com.ar\/web\/wp-json\/wp\/v2\/posts\/35376\/revisions\/35379"}],"wp:featuredmedia":[{"embeddable":true,"href":"https:\/\/www.almargenweb.com.ar\/web\/wp-json\/wp\/v2\/media\/35378"}],"wp:attachment":[{"href":"https:\/\/www.almargenweb.com.ar\/web\/wp-json\/wp\/v2\/media?parent=35376"}],"wp:term":[{"taxonomy":"category","embeddable":true,"href":"https:\/\/www.almargenweb.com.ar\/web\/wp-json\/wp\/v2\/categories?post=35376"},{"taxonomy":"post_tag","embeddable":true,"href":"https:\/\/www.almargenweb.com.ar\/web\/wp-json\/wp\/v2\/tags?post=35376"}],"curies":[{"name":"wp","href":"https:\/\/api.w.org\/{rel}","templated":true}]}}