{"id":35352,"date":"2021-07-01T12:44:29","date_gmt":"2021-07-01T15:44:29","guid":{"rendered":"http:\/\/www.almargenweb.com.ar\/web\/?p=35352"},"modified":"2021-07-01T12:44:30","modified_gmt":"2021-07-01T15:44:30","slug":"polemica-en-san-javier-por-un-proyecto-que-pretende-aplicar-eutanasia-a-perros-callejeros-enfermos","status":"publish","type":"post","link":"https:\/\/www.almargenweb.com.ar\/web\/polemica-en-san-javier-por-un-proyecto-que-pretende-aplicar-eutanasia-a-perros-callejeros-enfermos\/","title":{"rendered":"Pol\u00e9mica en San Javier por un proyecto que pretende aplicar eutanasia a perros callejeros enfermos"},"content":{"rendered":"\n<p>En el Concejo de la ciudad de San Javier, presentaron un proyecto de legislaci\u00f3n canina que abarca tem\u00e1ticas como la creaci\u00f3n de una perrera municipal y la aplicaci\u00f3n de la eutanasia en casos de enfermedad.<\/p>\n\n\n\n<p>El texto fue redactado por el oficialismo (FPCyS) y aclaran que se discutir\u00e1 los pr\u00f3ximos d\u00edas con veterinarios, miembros de agrupaciones defensoras de animales y el \u00e1rea de Salud P\u00fablica de la Municipalidad.<\/p>\n\n\n\n<p>Activistas de &#8220;Peluditos Mocov\u00ed&#8221; aseguran que el proyecto de legislaci\u00f3n canina est\u00e1 abocado, sobre todo, a desplazar particularmente, una jaur\u00eda que se muestra en los alrededores de los bancos y edificios de la administraci\u00f3n p\u00fablica.<\/p>\n\n\n\n<p>La iniciativa del oficialismo presentada esta semana comprende, la creaci\u00f3n de registros municipales de perros dom\u00e9sticos, perros &#8220;potencialmente peligrosos&#8221; y paseadores de canes. Tambi\u00e9n quiere promover la adopci\u00f3n y tenencia responsable y hasta la prohibici\u00f3n del abandono de cad\u00e1veres de animales en la v\u00eda p\u00fablica.<\/p>\n\n\n\n<figure class=\"wp-block-image size-large is-resized\"><img loading=\"lazy\" decoding=\"async\" src=\"https:\/\/www.almargenweb.com.ar\/web\/wp-content\/uploads\/2021\/07\/descarga.jpeg\" alt=\"\" class=\"wp-image-35355\" width=\"804\" height=\"501\"\/><figcaption>La Municipalidad de San Javier no asume responsabilidad, si el animal hubiere tenido propietario.<\/figcaption><\/figure>\n\n\n\n<p>&#8220;Nunca se habla de castraciones y vacunaci\u00f3n masivas, de quien estar\u00e1 a cargo de determinar a qu\u00e9 perros se les aplicar\u00e1 la eutanasia; tampoco se habla de un centro de zoonosis, que no hay en San Javier&#8221;, criticaron desde la asociaci\u00f3n  proteccionista.<\/p>\n\n\n\n<p>Concretamente, la iniciativa de legislaci\u00f3n canina expresa: &#8220;Si, una vez practicado el secuestro (del animal callejero), se constata la presencia de una enfermedad terminal o cualquier patolog\u00eda que pudiere poner en peligro la salud p\u00fablica o la convivencia con los dem\u00e1s animales depositados en la perrera municipal se le podr\u00e1 practicar eutanasia humanitaria, no asumiendo la Municipalidad de San Javier responsabilidad alguna en el caso de que el mismo hubiere tenido propietario, responsable, poseedor o tenedor leg\u00edtimo&#8221;.<\/p>\n<!-- AddThis Advanced Settings generic via filter on the_content --><!-- AddThis Share Buttons generic via filter on the_content -->","protected":false},"excerpt":{"rendered":"<p>En el Concejo de la ciudad de San Javier, presentaron un proyecto de legislaci\u00f3n canina que [&hellip;]<!-- AddThis Advanced Settings generic via filter on get_the_excerpt --><!-- AddThis Share Buttons generic via filter on get_the_excerpt --><\/p>\n","protected":false},"author":16,"featured_media":35354,"comment_status":"open","ping_status":"open","sticky":false,"template":"","format":"standard","meta":{"_seopress_robots_primary_cat":"none","_seopress_titles_title":"","_seopress_titles_desc":"","_seopress_robots_index":"","_themeisle_gutenberg_block_has_review":false,"footnotes":""},"categories":[2,20,286,9,15],"tags":[],"class_list":["post-35352","post","type-post","status-publish","format-standard","has-post-thumbnail","hentry","category-actualidad","category-departamentales","category-legislatura","category-politica","category-salud"],"_links":{"self":[{"href":"https:\/\/www.almargenweb.com.ar\/web\/wp-json\/wp\/v2\/posts\/35352","targetHints":{"allow":["GET"]}}],"collection":[{"href":"https:\/\/www.almargenweb.com.ar\/web\/wp-json\/wp\/v2\/posts"}],"about":[{"href":"https:\/\/www.almargenweb.com.ar\/web\/wp-json\/wp\/v2\/types\/post"}],"author":[{"embeddable":true,"href":"https:\/\/www.almargenweb.com.ar\/web\/wp-json\/wp\/v2\/users\/16"}],"replies":[{"embeddable":true,"href":"https:\/\/www.almargenweb.com.ar\/web\/wp-json\/wp\/v2\/comments?post=35352"}],"version-history":[{"count":1,"href":"https:\/\/www.almargenweb.com.ar\/web\/wp-json\/wp\/v2\/posts\/35352\/revisions"}],"predecessor-version":[{"id":35356,"href":"https:\/\/www.almargenweb.com.ar\/web\/wp-json\/wp\/v2\/posts\/35352\/revisions\/35356"}],"wp:featuredmedia":[{"embeddable":true,"href":"https:\/\/www.almargenweb.com.ar\/web\/wp-json\/wp\/v2\/media\/35354"}],"wp:attachment":[{"href":"https:\/\/www.almargenweb.com.ar\/web\/wp-json\/wp\/v2\/media?parent=35352"}],"wp:term":[{"taxonomy":"category","embeddable":true,"href":"https:\/\/www.almargenweb.com.ar\/web\/wp-json\/wp\/v2\/categories?post=35352"},{"taxonomy":"post_tag","embeddable":true,"href":"https:\/\/www.almargenweb.com.ar\/web\/wp-json\/wp\/v2\/tags?post=35352"}],"curies":[{"name":"wp","href":"https:\/\/api.w.org\/{rel}","templated":true}]}}