{"id":35348,"date":"2021-07-01T09:03:47","date_gmt":"2021-07-01T12:03:47","guid":{"rendered":"http:\/\/www.almargenweb.com.ar\/web\/?p=35348"},"modified":"2021-07-01T09:03:48","modified_gmt":"2021-07-01T12:03:48","slug":"para-amsafe-es-inadmisible-volver-a-clases-presenciales","status":"publish","type":"post","link":"https:\/\/www.almargenweb.com.ar\/web\/para-amsafe-es-inadmisible-volver-a-clases-presenciales\/","title":{"rendered":"Para AMSAFE, es inadmisible volver a clases presenciales"},"content":{"rendered":"\n<p>El Ministerio de Educaci\u00f3n confirm\u00f3 que el jueves 1 de julio vuelven las clases presenciales en las escuelas p\u00fablicas y privadas de los departamentos La Capital y Rosario. A trav\u00e9s de un comunicado, AMSAFE rechaz\u00f3 el regreso a la presencialidad en el nivel secundario de los mencionados distritos.<\/p>\n\n\n\n<p>Aseguran que el Ministerio de Educaci\u00f3n incumpli\u00f3 &#8220;toda normativa vigente&#8221; y agregaron: &#8220;Rechazamos la forma inconsulta, e improvisada en que se convoca a las profesoras y profesores del nivel secundario&#8221;.<\/p>\n\n\n\n<p>Adem\u00e1s, recuerdan que &#8220;la Resoluci\u00f3n del Consejo Federal de Educaci\u00f3n N\u00b0 394 se\u00f1ala que los ministerios de educaci\u00f3n deber\u00e1n informar sobre los cambios de la vuelta a la presencialidad con 48 horas de anticipaci\u00f3n para permitir la organizaci\u00f3n del trabajo docente&#8221;.<\/p>\n\n\n\n<p>&#8220;Estas definiciones se deben ajustar a par\u00e1metros epidemiol\u00f3gicos que garanticen el cuidado de la salud de quienes concurren a los establecimientos escolares&#8221;, indicaron.<\/p>\n<!-- AddThis Advanced Settings generic via filter on the_content --><!-- AddThis Share Buttons generic via filter on the_content -->","protected":false},"excerpt":{"rendered":"<p>El Ministerio de Educaci\u00f3n confirm\u00f3 que el jueves 1 de julio vuelven las clases presenciales en [&hellip;]<!-- AddThis Advanced Settings generic via filter on get_the_excerpt --><!-- AddThis Share Buttons generic via filter on get_the_excerpt --><\/p>\n","protected":false},"author":16,"featured_media":35350,"comment_status":"open","ping_status":"open","sticky":false,"template":"","format":"standard","meta":{"_seopress_robots_primary_cat":"none","_seopress_titles_title":"","_seopress_titles_desc":"","_seopress_robots_index":"","_themeisle_gutenberg_block_has_review":false,"footnotes":""},"categories":[2,19,21,140,9,15],"tags":[],"class_list":["post-35348","post","type-post","status-publish","format-standard","has-post-thumbnail","hentry","category-actualidad","category-educacion","category-las-colonias","category-nacionales","category-politica","category-salud"],"_links":{"self":[{"href":"https:\/\/www.almargenweb.com.ar\/web\/wp-json\/wp\/v2\/posts\/35348","targetHints":{"allow":["GET"]}}],"collection":[{"href":"https:\/\/www.almargenweb.com.ar\/web\/wp-json\/wp\/v2\/posts"}],"about":[{"href":"https:\/\/www.almargenweb.com.ar\/web\/wp-json\/wp\/v2\/types\/post"}],"author":[{"embeddable":true,"href":"https:\/\/www.almargenweb.com.ar\/web\/wp-json\/wp\/v2\/users\/16"}],"replies":[{"embeddable":true,"href":"https:\/\/www.almargenweb.com.ar\/web\/wp-json\/wp\/v2\/comments?post=35348"}],"version-history":[{"count":1,"href":"https:\/\/www.almargenweb.com.ar\/web\/wp-json\/wp\/v2\/posts\/35348\/revisions"}],"predecessor-version":[{"id":35351,"href":"https:\/\/www.almargenweb.com.ar\/web\/wp-json\/wp\/v2\/posts\/35348\/revisions\/35351"}],"wp:featuredmedia":[{"embeddable":true,"href":"https:\/\/www.almargenweb.com.ar\/web\/wp-json\/wp\/v2\/media\/35350"}],"wp:attachment":[{"href":"https:\/\/www.almargenweb.com.ar\/web\/wp-json\/wp\/v2\/media?parent=35348"}],"wp:term":[{"taxonomy":"category","embeddable":true,"href":"https:\/\/www.almargenweb.com.ar\/web\/wp-json\/wp\/v2\/categories?post=35348"},{"taxonomy":"post_tag","embeddable":true,"href":"https:\/\/www.almargenweb.com.ar\/web\/wp-json\/wp\/v2\/tags?post=35348"}],"curies":[{"name":"wp","href":"https:\/\/api.w.org\/{rel}","templated":true}]}}