{"id":35326,"date":"2021-06-29T09:05:13","date_gmt":"2021-06-29T12:05:13","guid":{"rendered":"http:\/\/www.almargenweb.com.ar\/web\/?p=35326"},"modified":"2021-06-29T09:05:14","modified_gmt":"2021-06-29T12:05:14","slug":"franck-tendra-un-avanzado-sistema-de-iluminacion-con-cableado-subterraneo","status":"publish","type":"post","link":"https:\/\/www.almargenweb.com.ar\/web\/franck-tendra-un-avanzado-sistema-de-iluminacion-con-cableado-subterraneo\/","title":{"rendered":"Franck tendr\u00e1 un avanzado sistema de iluminaci\u00f3n con cableado subterr\u00e1neo"},"content":{"rendered":"\n<p>La vecina localidad de Franck es un pueblo citado en muchas ocaciones cuando se habla de pueblos pujantes y ejemplos a seguir. El af\u00e1n de progreso que se respira en el ambiente, gracias a la impronta de superaci\u00f3n que dejaron los primeros inmigrantes que llegaron a estas tierras, se percibe tambi\u00e9n, en las obras comunales.<\/p>\n\n\n\n<p>Esta semana comenzaron los trabajos que permitir\u00e1n extender el sistema de iluminaci\u00f3n, sobre el pasaje de calle Juan XXlll. La particularidad de este nuevo sistema de luminarias, es su cableado subterr\u00e1neo. <\/p>\n\n\n\n<p>Un sistema seguro y confiable, ante tormentas el\u00e9ctricas, r\u00e1fagas de viento u otros objetos que puedan interferir con el normal abastecimiento energ\u00e9tico, como la ca\u00edda de arboles o ramas sobre el cableado a\u00e9reo tradicional.<\/p>\n\n\n\n<p>Las autoridades comunales, agradecieron la generosidad de la Cooperativa de Servicios P\u00fablicos, por facilitar herramientas y asegurar as\u00ed, una eficiencia laboral.<\/p>\n\n\n\n<p>De esta manera, la comuna de Franck sigue apostando la seguridad de sus habitantes, en los barrios que est\u00e1n en plena expansi\u00f3n, como lo pensaron los primeros colonos que llegaron a estas tierras. <\/p>\n<!-- AddThis Advanced Settings generic via filter on the_content --><!-- AddThis Share Buttons generic via filter on the_content -->","protected":false},"excerpt":{"rendered":"<p>La vecina localidad de Franck es un pueblo citado en muchas ocaciones cuando se habla de [&hellip;]<!-- AddThis Advanced Settings generic via filter on get_the_excerpt --><!-- AddThis Share Buttons generic via filter on get_the_excerpt --><\/p>\n","protected":false},"author":16,"featured_media":35328,"comment_status":"open","ping_status":"open","sticky":false,"template":"","format":"standard","meta":{"_seopress_robots_primary_cat":"none","_seopress_titles_title":"","_seopress_titles_desc":"","_seopress_robots_index":"","_themeisle_gutenberg_block_has_review":false,"footnotes":""},"categories":[2,20,9,29],"tags":[],"class_list":["post-35326","post","type-post","status-publish","format-standard","has-post-thumbnail","hentry","category-actualidad","category-departamentales","category-politica","category-regionales"],"_links":{"self":[{"href":"https:\/\/www.almargenweb.com.ar\/web\/wp-json\/wp\/v2\/posts\/35326","targetHints":{"allow":["GET"]}}],"collection":[{"href":"https:\/\/www.almargenweb.com.ar\/web\/wp-json\/wp\/v2\/posts"}],"about":[{"href":"https:\/\/www.almargenweb.com.ar\/web\/wp-json\/wp\/v2\/types\/post"}],"author":[{"embeddable":true,"href":"https:\/\/www.almargenweb.com.ar\/web\/wp-json\/wp\/v2\/users\/16"}],"replies":[{"embeddable":true,"href":"https:\/\/www.almargenweb.com.ar\/web\/wp-json\/wp\/v2\/comments?post=35326"}],"version-history":[{"count":1,"href":"https:\/\/www.almargenweb.com.ar\/web\/wp-json\/wp\/v2\/posts\/35326\/revisions"}],"predecessor-version":[{"id":35329,"href":"https:\/\/www.almargenweb.com.ar\/web\/wp-json\/wp\/v2\/posts\/35326\/revisions\/35329"}],"wp:featuredmedia":[{"embeddable":true,"href":"https:\/\/www.almargenweb.com.ar\/web\/wp-json\/wp\/v2\/media\/35328"}],"wp:attachment":[{"href":"https:\/\/www.almargenweb.com.ar\/web\/wp-json\/wp\/v2\/media?parent=35326"}],"wp:term":[{"taxonomy":"category","embeddable":true,"href":"https:\/\/www.almargenweb.com.ar\/web\/wp-json\/wp\/v2\/categories?post=35326"},{"taxonomy":"post_tag","embeddable":true,"href":"https:\/\/www.almargenweb.com.ar\/web\/wp-json\/wp\/v2\/tags?post=35326"}],"curies":[{"name":"wp","href":"https:\/\/api.w.org\/{rel}","templated":true}]}}